{"id":1505,"date":"2012-02-03T01:20:12","date_gmt":"2012-02-03T00:20:12","guid":{"rendered":"http:\/\/www.eh-tique-media-tique.com\/?p=1505"},"modified":"2021-06-18T01:24:17","modified_gmt":"2021-06-17T23:24:17","slug":"humeur-tique-primaires-socialistes-a-marseille-avec-olivier-ferrand-sur-france-2-lemission-francofrancaise-des-paroles-et-des-actes","status":"publish","type":"post","link":"https:\/\/www.eh-tique-media-tique.com\/index.php\/2012\/02\/03\/humeur-tique-primaires-socialistes-a-marseille-avec-olivier-ferrand-sur-france-2-lemission-francofrancaise-des-paroles-et-des-actes\/","title":{"rendered":"Humeur Tique: Primaires socialistes \u00e0 Marseille avec Olivier Ferrand- sur France 2, l&rsquo;\u00e9mission \u00ab\u00a0francofran\u00e7aise\u00a0\u00bb \u00ab\u00a0Des paroles et des actes\u00a0\u00bb"},"content":{"rendered":"\n<p class=\"has-text-align-center has-medium-font-size\"><strong>Humeur Tique&nbsp;: Primaires socialistes \u00e0 Marseille et d\u00e9bat franco-fran\u00e7ais \u00e0 l\u2019\u00e9mission de France 2 \u00ab&nbsp;Des paroles et des actes\u00a0\u00bb&nbsp;!<\/strong><\/p>\n\n\n\n<p class=\"has-text-align-center has-medium-font-size\"><strong>Primaires socialistes \u00e0 Marseille et les propositions du think &#8211; tank Terra Nova sur l\u2019utilit\u00e9 des primaires politiques&nbsp;: dr\u00f4le d\u2019atterrissage d\u2019Olivier Ferrand \u00e0 Marseille&nbsp;!<\/strong><\/p>\n\n\n\n<p><strong>&nbsp;&nbsp;&nbsp;&nbsp;&nbsp;&nbsp;&nbsp;&nbsp;&nbsp;&nbsp;&nbsp;&nbsp;Les lecteurs de ce blog ont eu l\u2019occasion de faire connaissance avec les id\u00e9es d\u00e9fendues par Olivier Ferrand et son think tank Terra Nova, quant \u00e0 la promotion d\u2019\u00e9lections primaires \u00e0 toutes les consultations \u00e9lectorales importantes de France.<\/strong><\/p>\n\n\n\n<p><strong>Le m\u00eame rapport pr\u00e9conisait ce principe, entre autres et sauf erreur, dans les villes de plus de 50&nbsp;000 habitants, donc Marseille.<\/strong><\/p>\n\n\n\n<p><strong>A lire l\u2019article du Figaro du 2 f\u00e9vrier 2012, page 4, le principal animateur de ce groupe d\u2019\u00e9tudes politiques aurait eu int\u00e9r\u00eat \u00e0 organiser une primaire dans une des circonscriptions de Marseille o\u00f9 le Parti Socialiste vient de le parachuter.<\/strong><\/p>\n\n\n\n<p><strong>\u00ab&nbsp;Atterrissage difficile pour Olivier Ferrand<\/strong><\/p>\n\n\n\n<p><strong>N\u00e9 dans les Bouches du Rh\u00f4ne, le patron de Terra Nova n\u2019est pas le bienvenu chez les socialistes du d\u00e9partement, qui sont tent\u00e9s par la dissidence.&nbsp;\u00bb<\/strong><\/p>\n\n\n\n<p class=\"has-text-align-center has-medium-font-size\"><strong>Le d\u00e9bat politique franco-fran\u00e7ais de l\u2019\u00e9mission \u00e9lections pr\u00e9sidentielles \u00ab&nbsp;Des paroles et des actes&nbsp;\u00bb<\/strong><\/p>\n\n\n\n<p><strong>Trois d\u00e9bats ont \u00e9t\u00e9 organis\u00e9s avec M\u00e9lenchon, Hollande et Fillon.<\/strong><\/p>\n\n\n\n<p><strong>Il est tr\u00e8s frappant de constater que le d\u00e9bat est organis\u00e9 de telle sorte qu\u2019il ne sort pas souvent du champ clos politique fran\u00e7ais, alors que c\u2019est le destin de l\u2019Europe qui est en jeu, avec celui de la zone euro, et que la France continue \u00e0 d\u00e9ployer une activit\u00e9 internationale qui d\u00e9passe incontestablement ses moyens.<\/strong><\/p>\n\n\n\n<p><strong>&nbsp;&nbsp;&nbsp;&nbsp;&nbsp;&nbsp;&nbsp;&nbsp;&nbsp; Silence donc sur notre politique \u00e9trang\u00e8re et sur la d\u00e9fense!<\/strong><\/p>\n","protected":false},"excerpt":{"rendered":"<p>Humeur Tique&nbsp;: Primaires socialistes \u00e0 Marseille et d\u00e9bat franco-fran\u00e7ais \u00e0 l\u2019\u00e9mission de France 2 \u00ab&nbsp;Des paroles et des actes\u00a0\u00bb&nbsp;! Primaires socialistes \u00e0 Marseille et les propositions du think &#8211; tank Terra Nova sur l\u2019utilit\u00e9 des primaires politiques&nbsp;: dr\u00f4le d\u2019atterrissage d\u2019Olivier Ferrand \u00e0 Marseille&nbsp;! &nbsp;&nbsp;&nbsp;&nbsp;&nbsp;&nbsp;&nbsp;&nbsp;&nbsp;&nbsp;&nbsp;&nbsp;Les lecteurs de ce blog ont eu l\u2019occasion de faire connaissance avec &hellip; <a href=\"https:\/\/www.eh-tique-media-tique.com\/index.php\/2012\/02\/03\/humeur-tique-primaires-socialistes-a-marseille-avec-olivier-ferrand-sur-france-2-lemission-francofrancaise-des-paroles-et-des-actes\/\" class=\"more-link\">Continuer la lecture<span class=\"screen-reader-text\"> de &laquo;&nbsp;Humeur Tique: Primaires socialistes \u00e0 Marseille avec Olivier Ferrand- sur France 2, l&rsquo;\u00e9mission \u00ab\u00a0francofran\u00e7aise\u00a0\u00bb \u00ab\u00a0Des paroles et des actes\u00a0\u00bb&nbsp;&raquo;<\/span><\/a><\/p>\n","protected":false},"author":1,"featured_media":0,"comment_status":"closed","ping_status":"open","sticky":false,"template":"","format":"standard","meta":{"footnotes":""},"categories":[3],"tags":[637,349,634,270,550,470,1650,1028,1651,1649,993,1057,1064,1310,1357],"class_list":["post-1505","post","type-post","status-publish","format-standard","hentry","category-humeur-tique","tag-elections","tag-europe","tag-fillon","tag-france","tag-france-2","tag-hollande","tag-le-f","tag-marseille","tag-melanchon","tag-olivier-ferrand","tag-parti-socialiste","tag-presidentielles","tag-primaires","tag-terra-nova","tag-zone-euro"],"_links":{"self":[{"href":"https:\/\/www.eh-tique-media-tique.com\/index.php\/wp-json\/wp\/v2\/posts\/1505","targetHints":{"allow":["GET"]}}],"collection":[{"href":"https:\/\/www.eh-tique-media-tique.com\/index.php\/wp-json\/wp\/v2\/posts"}],"about":[{"href":"https:\/\/www.eh-tique-media-tique.com\/index.php\/wp-json\/wp\/v2\/types\/post"}],"author":[{"embeddable":true,"href":"https:\/\/www.eh-tique-media-tique.com\/index.php\/wp-json\/wp\/v2\/users\/1"}],"replies":[{"embeddable":true,"href":"https:\/\/www.eh-tique-media-tique.com\/index.php\/wp-json\/wp\/v2\/comments?post=1505"}],"version-history":[{"count":1,"href":"https:\/\/www.eh-tique-media-tique.com\/index.php\/wp-json\/wp\/v2\/posts\/1505\/revisions"}],"predecessor-version":[{"id":1506,"href":"https:\/\/www.eh-tique-media-tique.com\/index.php\/wp-json\/wp\/v2\/posts\/1505\/revisions\/1506"}],"wp:attachment":[{"href":"https:\/\/www.eh-tique-media-tique.com\/index.php\/wp-json\/wp\/v2\/media?parent=1505"}],"wp:term":[{"taxonomy":"category","embeddable":true,"href":"https:\/\/www.eh-tique-media-tique.com\/index.php\/wp-json\/wp\/v2\/categories?post=1505"},{"taxonomy":"post_tag","embeddable":true,"href":"https:\/\/www.eh-tique-media-tique.com\/index.php\/wp-json\/wp\/v2\/tags?post=1505"}],"curies":[{"name":"wp","href":"https:\/\/api.w.org\/{rel}","templated":true}]}}