{"id":2801,"date":"2011-07-08T17:54:06","date_gmt":"2011-07-08T15:54:06","guid":{"rendered":"http:\/\/www.eh-tique-media-tique.com\/?p=2801"},"modified":"2021-07-14T17:57:06","modified_gmt":"2021-07-14T15:57:06","slug":"humeur-tique-paris-plage-et-lenquete-publique-des-berges-de-la-seine-les-tanks-4x4-de-paris","status":"publish","type":"post","link":"https:\/\/www.eh-tique-media-tique.com\/index.php\/2011\/07\/08\/humeur-tique-paris-plage-et-lenquete-publique-des-berges-de-la-seine-les-tanks-4x4-de-paris\/","title":{"rendered":"Humeur Tique: Paris Plage et l&rsquo;enqu\u00eate publique des berges de la Seine &#8211; Les Tanks 4X4 de Paris"},"content":{"rendered":"\n<p class=\"has-text-align-center has-medium-font-size\"><strong>Humeur Tique&nbsp;: Paris Plage et la d\u00e9mocratie parisienne, l\u2019enqu\u00eate publique des berges de la Seine<\/strong><\/p>\n\n\n\n<p class=\"has-text-align-center has-medium-font-size\"><strong>Les tanks 4&#215;4 de la capitale et sa majorit\u00e9 \u00e9colo-socialiste<\/strong><\/p>\n\n\n\n<p>&nbsp;&nbsp;&nbsp;&nbsp;&nbsp;&nbsp;&nbsp;&nbsp;&nbsp;<strong>Les berges de la Seine&nbsp;: le projet de leur am\u00e9nagement est soumis \u00e0 l\u2019enqu\u00eate publique.<\/strong><\/p>\n\n\n\n<p><strong>Bling bling, et pleins feux pour agir \u00e0 l\u2019ombre&nbsp;?<\/strong><\/p>\n\n\n\n<p><strong>&nbsp;&nbsp;&nbsp;&nbsp;&nbsp;&nbsp;&nbsp;&nbsp;&nbsp;&nbsp;&nbsp;&nbsp;On peut ne pas \u00e9prouver une tendresse particuli\u00e8re pour le bling bling plein com de la grande \u00e9lue du 7\u00e9me arrondissement de Paris, et partager son \u00e9tonnement quant au choix des dates qui ont \u00e9t\u00e9 retenues pour lancer cette enqu\u00eate publique.<\/strong><\/p>\n\n\n\n<p><strong>&nbsp;&nbsp;&nbsp;&nbsp;&nbsp;&nbsp;&nbsp;&nbsp;&nbsp;&nbsp;&nbsp;&nbsp;N\u2019est-il pas clair que l\u2019on veut ainsi manipuler le choix des citoyens, car le maire lance son enqu\u00eate \u00e0 un moment du calendrier qui n\u2019est pas repr\u00e9sentatif du corps \u00e9lectoral de Paris&nbsp;!<\/strong><\/p>\n\n\n\n<p><strong>Au cours de cette enqu\u00eate, Il y aura sans doute plus d\u2019amateurs de Paris Plage que d\u2019acteurs d\u2019une vie \u00e9conomique et sociale au ralenti&nbsp;!<\/strong><\/p>\n\n\n\n<p><strong>&nbsp;&nbsp;&nbsp;&nbsp;&nbsp;&nbsp;&nbsp;&nbsp;&nbsp;Les tanks 4&#215;4 de la capitale et de sa majorit\u00e9 \u00e9colo-socialiste<\/strong><\/p>\n\n\n\n<p><strong>Le maire de Paris m\u00e8ne une politique syst\u00e9matique d\u2019asphyxie de la circulation automobile qui fr\u00f4le quelquefois l\u2019absurdit\u00e9, lorsqu\u2019il r\u00e9am\u00e9nage un carrefour dans le bois de Boulogne, celui des Cascades, en y laissant&nbsp;&nbsp;de grands espaces vides et sabl\u00e9s pour un co\u00fbt total d\u2019environ 1,5 million d\u2019euros, avec pavage d\u2019une partie de la nouvelle chauss\u00e9e, s\u2019il vous plait&nbsp;!<\/strong><\/p>\n\n\n\n<p><strong>&nbsp;&nbsp;&nbsp;&nbsp;&nbsp;&nbsp;&nbsp;&nbsp;&nbsp;&nbsp;&nbsp;&nbsp;Pourquoi ne pas donner un nouveau nom \u00e0 ce carrefour, celui des Pigeons&nbsp;?<\/strong><\/p>\n\n\n\n<p><strong>&nbsp;&nbsp;&nbsp;&nbsp;&nbsp;&nbsp;&nbsp;&nbsp;&nbsp;&nbsp;&nbsp;&nbsp;Ceci dit, pourquoi pas&nbsp;? Si cette politique n\u2019est pas trop en contradiction avec celle qui tend \u00e0 conserver \u00e0 la capitale ses entreprises&nbsp;!<\/strong><\/p>\n\n\n\n<p><strong>&nbsp;&nbsp;&nbsp;&nbsp;&nbsp;&nbsp;&nbsp;&nbsp;&nbsp;&nbsp;&nbsp;&nbsp;Mais comment ne pas \u00eatre \u00e9tonn\u00e9 de voir de nombreux tanks 4&#215;4 encombrer les rues et les trottoirs, et polluer la capitale, alors que leurs propri\u00e9taires ont sans doute les moyens de fr\u00e9quenter les nombreux parkings, mais payants, de la ville&nbsp;?<\/strong><\/p>\n\n\n\n<p><strong>&nbsp;&nbsp;&nbsp;&nbsp;&nbsp;&nbsp;&nbsp;&nbsp;&nbsp;&nbsp;&nbsp;&nbsp;Le maire d\u2019une grande ville telle que Paris serait \u00e0 ce point d\u00e9muni de pouvoirs pour contenir la pollution des tanks 4X4, plus encore que la voiture de madame et monsieur tout le monde&nbsp;?<\/strong><\/p>\n","protected":false},"excerpt":{"rendered":"<p>Humeur Tique&nbsp;: Paris Plage et la d\u00e9mocratie parisienne, l\u2019enqu\u00eate publique des berges de la Seine Les tanks 4&#215;4 de la capitale et sa majorit\u00e9 \u00e9colo-socialiste &nbsp;&nbsp;&nbsp;&nbsp;&nbsp;&nbsp;&nbsp;&nbsp;&nbsp;Les berges de la Seine&nbsp;: le projet de leur am\u00e9nagement est soumis \u00e0 l\u2019enqu\u00eate publique. Bling bling, et pleins feux pour agir \u00e0 l\u2019ombre&nbsp;? &nbsp;&nbsp;&nbsp;&nbsp;&nbsp;&nbsp;&nbsp;&nbsp;&nbsp;&nbsp;&nbsp;&nbsp;On peut ne pas \u00e9prouver une &hellip; <a href=\"https:\/\/www.eh-tique-media-tique.com\/index.php\/2011\/07\/08\/humeur-tique-paris-plage-et-lenquete-publique-des-berges-de-la-seine-les-tanks-4x4-de-paris\/\" class=\"more-link\">Continuer la lecture<span class=\"screen-reader-text\"> de &laquo;&nbsp;Humeur Tique: Paris Plage et l&rsquo;enqu\u00eate publique des berges de la Seine &#8211; Les Tanks 4X4 de Paris&nbsp;&raquo;<\/span><\/a><\/p>\n","protected":false},"author":1,"featured_media":0,"comment_status":"closed","ping_status":"open","sticky":false,"template":"","format":"standard","meta":{"footnotes":""},"categories":[3,13],"tags":[2862,467,280,2861,2859,2860],"class_list":["post-2801","post","type-post","status-publish","format-standard","hentry","category-humeur-tique","category-paris","tag-ecolo-socialiste","tag-paris","tag-politique","tag-pollution","tag-seine","tag-tanks-4x4"],"_links":{"self":[{"href":"https:\/\/www.eh-tique-media-tique.com\/index.php\/wp-json\/wp\/v2\/posts\/2801","targetHints":{"allow":["GET"]}}],"collection":[{"href":"https:\/\/www.eh-tique-media-tique.com\/index.php\/wp-json\/wp\/v2\/posts"}],"about":[{"href":"https:\/\/www.eh-tique-media-tique.com\/index.php\/wp-json\/wp\/v2\/types\/post"}],"author":[{"embeddable":true,"href":"https:\/\/www.eh-tique-media-tique.com\/index.php\/wp-json\/wp\/v2\/users\/1"}],"replies":[{"embeddable":true,"href":"https:\/\/www.eh-tique-media-tique.com\/index.php\/wp-json\/wp\/v2\/comments?post=2801"}],"version-history":[{"count":1,"href":"https:\/\/www.eh-tique-media-tique.com\/index.php\/wp-json\/wp\/v2\/posts\/2801\/revisions"}],"predecessor-version":[{"id":2802,"href":"https:\/\/www.eh-tique-media-tique.com\/index.php\/wp-json\/wp\/v2\/posts\/2801\/revisions\/2802"}],"wp:attachment":[{"href":"https:\/\/www.eh-tique-media-tique.com\/index.php\/wp-json\/wp\/v2\/media?parent=2801"}],"wp:term":[{"taxonomy":"category","embeddable":true,"href":"https:\/\/www.eh-tique-media-tique.com\/index.php\/wp-json\/wp\/v2\/categories?post=2801"},{"taxonomy":"post_tag","embeddable":true,"href":"https:\/\/www.eh-tique-media-tique.com\/index.php\/wp-json\/wp\/v2\/tags?post=2801"}],"curies":[{"name":"wp","href":"https:\/\/api.w.org\/{rel}","templated":true}]}}