{"id":2867,"date":"2015-03-07T05:02:13","date_gmt":"2015-03-07T04:02:13","guid":{"rendered":"http:\/\/www.eh-tique-media-tique.com\/?p=2867"},"modified":"2021-07-15T05:06:17","modified_gmt":"2021-07-15T03:06:17","slug":"banlieues-ghettos-apartheid-un-challenge-pour-la-france","status":"publish","type":"post","link":"https:\/\/www.eh-tique-media-tique.com\/index.php\/2015\/03\/07\/banlieues-ghettos-apartheid-un-challenge-pour-la-france\/","title":{"rendered":"Banlieues, ghettos, apartheid ? Un challenge pour la France!"},"content":{"rendered":"\n<p class=\"has-text-align-center has-medium-font-size\"><strong>Avant-propos du 7 mars 2015<\/strong><\/p>\n\n\n\n<p class=\"has-text-align-center\" style=\"font-size:18px\"><strong>Le 7 janvier 2010, j\u2019avais publi\u00e9 sur mon blog \u00ab&nbsp;confidentiel&nbsp;\u00bb le texte ci-dessous relatif \u00e0 un dossier toujours aussi sensible de nos jours, plus de cinq ann\u00e9es apr\u00e8s.<\/strong><\/p>\n\n\n\n<p class=\"has-text-align-center\" style=\"font-size:18px\"><strong>Le Premier Ministre parait d\u00e9cid\u00e9 \u00e0 s\u2019en saisir. Il a utilis\u00e9 le mot \u00ab&nbsp;apartheid&nbsp;\u00bb qui ne parait pas vraiment appropri\u00e9 au sujet, mais attendons les d\u00e9cisions.<\/strong><\/p>\n\n\n\n<p class=\"has-text-align-center\" style=\"font-size:18px\"><strong>Ce texte a conserv\u00e9 sa pleine actualit\u00e9, et c\u2019est la raison pour laquelle j\u2019ai d\u00e9cid\u00e9 de le publier \u00e0 nouveau.<\/strong><\/p>\n\n\n\n<p class=\"has-text-align-center\" style=\"font-size:18px\"><strong>Banlieues, ghettos, aveuglement ou incomp\u00e9tence de nos \u00e9lus depuis plus de 30 ans<\/strong><\/p>\n\n\n\n<p class=\"has-text-align-center\" style=\"font-size:18px\"><strong>Bonne ann\u00e9e \u00e0 l\u2019autre \u00ab&nbsp;plan\u00e8te&nbsp;\u00bb :<\/strong><\/p>\n\n\n\n<p class=\"has-text-align-center\" style=\"font-size:18px\"><strong>Hier et aujourd\u2019hui, quel g\u00e2chis&nbsp;! Il n\u2019est jamais trop tard&nbsp;! Demain, l\u2019espoir, le nouveau r\u00eave de la France&nbsp;!<\/strong><\/p>\n\n\n\n<p class=\"has-text-align-center\" style=\"font-size:18px\"><strong>R\u00e9flexions propos\u00e9es le 7\/01\/2010<\/strong><\/p>\n\n\n\n<p>&nbsp;&nbsp;&nbsp;&nbsp;&nbsp;&nbsp;&nbsp;&nbsp;&nbsp;&nbsp;&nbsp;&nbsp;<strong>Quel g\u00e2chis&nbsp;! &nbsp;Trente-cinq ann\u00e9es ont pass\u00e9 depuis la fin des trente glorieuses, sans que nos responsables politiques, pr\u00e9sidents, premiers ministres, d\u00e9put\u00e9s et s\u00e9nateurs, aient pris la mesure du grave probl\u00e8me de nos banlieues, et propos\u00e9 \u00e0 notre pays des solutions qui soient \u00e0 la hauteur des enjeux politiques, sociaux, \u00e9conomiques et culturels qu\u2019elles repr\u00e9sentent. Trente-cinq ann\u00e9es au cours desquelles s\u2019est poursuivi le chemin inexorable, visible ou invisible, d\u2019une \u00ab&nbsp;ghetto\u00efsation&nbsp;\u00bb ou d\u2019un \u00ab&nbsp;enkystement&nbsp;\u00bb, au choix.<\/strong><\/p>\n\n\n\n<p><strong>&nbsp;&nbsp;&nbsp;&nbsp;&nbsp;&nbsp;&nbsp;&nbsp;&nbsp;&nbsp;&nbsp; Enjeux qui n\u2019ont fait que s\u2019aggraver avec la poursuite d\u2019une immigration officielle ou clandestine, avec des concepts de parent\u00e8le souvent bien diff\u00e9rents des n\u00f4tres.<\/strong><\/p>\n\n\n\n<p><strong>&nbsp;&nbsp;&nbsp;&nbsp;&nbsp;&nbsp;&nbsp;&nbsp;&nbsp;&nbsp;&nbsp; A qui la faute&nbsp;? Les raisons en sont multiples, la premi\u00e8re \u00e9tant celle de la difficult\u00e9 qu\u2019il y a \u00e0 imaginer des solutions efficaces, de longue dur\u00e9e, et de tr\u00e8s grande ampleur, face \u00e0 une probl\u00e9matique complexe sur tous les plans vis\u00e9s plus haut en mati\u00e8re d\u2019enjeux.<\/strong><\/p>\n\n\n\n<p><strong>&nbsp;&nbsp;&nbsp;&nbsp;&nbsp;&nbsp;&nbsp;&nbsp;&nbsp;&nbsp;&nbsp; Mais, pourquoi ne pas mettre en cause la responsabilit\u00e9 de nos \u00e9lus qui sont rest\u00e9s aveugles, inconscients, \u00e9go\u00efstes, ou tout simplement incomp\u00e9tents. Je me souviens avoir alert\u00e9 \u00e0 ce sujet, mais sans convaincre, dans les ann\u00e9es 1980, le d\u00e9put\u00e9 de Montb\u00e9liard, et dans les m\u00eames ann\u00e9es les rares \u00e9lus parisiens que pouvait motiver le dossier des quartiers dits sensibles.<\/strong><\/p>\n\n\n\n<p><strong>&nbsp;&nbsp;&nbsp;&nbsp;&nbsp;&nbsp;&nbsp;&nbsp;&nbsp;&nbsp;&nbsp; Il y a quinze ans, l\u2019ann\u00e9e 1995 a vu fleurir la belle campagne de la \u00ab&nbsp;fracture sociale&nbsp;\u00bb dont il n\u2019est pas sorti grand-chose, \u00e0 ce sujet, sinon rien&nbsp;! Et comment ne pas \u00eatre \u00e9tonn\u00e9 que la gauche ou la droite puissent \u00eatre log\u00e9es \u00e0 la m\u00eame enseigne de cette grave carence politique&nbsp;? Avez-vous eu la chance de conna\u00eetre, \u00e0 ce sujet, les propositions concr\u00e8tes et chiffr\u00e9es de ceux que la presse qualifie souvent d\u2019\u00e9l\u00e9phants socialistes, grands \u00e9lus de nos banlieues sensibles proches de la capitale ou d\u2019autres capitales r\u00e9gionales&nbsp;?<\/strong><\/p>\n\n\n\n<p><strong>&nbsp;&nbsp;&nbsp;&nbsp;&nbsp;&nbsp;&nbsp;&nbsp;&nbsp;&nbsp;&nbsp; Toutefois quelques r\u00e9centes lueurs d\u2019espoir dans ce constat d\u00e9sastreux, les programmes de r\u00e9novation urbaine de Boorlo, et le travail de fourmi de Fadel Amara&nbsp;!<\/strong><\/p>\n\n\n\n<p><strong>&nbsp;&nbsp;&nbsp;&nbsp;&nbsp;&nbsp;&nbsp;&nbsp;&nbsp;&nbsp;&nbsp; &nbsp;Il n\u2019est pas trop tard&nbsp;: un nouveau challenge national&nbsp;!<\/strong><\/p>\n\n\n\n<p><strong>&nbsp;&nbsp;&nbsp;&nbsp;&nbsp;&nbsp;&nbsp;&nbsp;&nbsp;&nbsp;&nbsp; Dans le maelstr\u00f6m \u00e9conomique, d\u00e9mographique, et culturel, qui agite toutes les nations de la plan\u00e8te, dans le brassage mondial des races et des cultures, la France n\u2019est pas la plus mal plac\u00e9e pour construire une nation nouvelle, et donner corps \u00e0 son r\u00eave du vingt et uni\u00e8me si\u00e8cle. Elle l\u2019est d\u2019autant mieux qu\u2019elle dispose d\u2019un socle de valeurs politiques, sociales, et culturelles in\u00e9galable, d\u2019habitants qui viennent de tous les continents, et d\u2019une d\u00e9mocratie qui n\u2019a connu ni s\u00e9gr\u00e9gation, ni esclavage<\/strong><\/p>\n\n\n\n<p><strong>&nbsp;&nbsp;&nbsp;&nbsp;&nbsp;&nbsp;&nbsp;&nbsp;&nbsp;&nbsp;&nbsp; Dans le nouveau monde en chantier, les nations gagnantes seront celles qui auront su agr\u00e9ger toutes leurs composantes nationales, issues ou non, directement ou pas, du sol national, pr\u00e9cis\u00e9ment parce qu\u2019elles repr\u00e9sentent, toutes et chacune, une part de notre h\u00e9ritage humain commun.<\/strong><\/p>\n\n\n\n<p><strong>&nbsp;&nbsp;&nbsp;&nbsp;&nbsp;&nbsp;&nbsp;&nbsp;&nbsp;&nbsp;&nbsp; Mais pour r\u00e9ussir ce nouveau pari national, d\u2019un vouloir vivre ensemble r\u00e9nov\u00e9, les demi-mesures ne suffiront pas, et il faudra des moyens, beaucoup de moyens.<\/strong><\/p>\n\n\n\n<p><strong>&nbsp;&nbsp;&nbsp;&nbsp;&nbsp;&nbsp;&nbsp;&nbsp;&nbsp;&nbsp;&nbsp; Alors qu\u2019on a bien trouv\u00e9 trois milliards pour diminuer le taux de TVA de la restauration, et que l\u2019on sait trouver des centaines de millions ou des milliards pour financer quelques-unes des urgences du jour, ou des op\u00e9rations internationales de prestige, pourquoi ne pas d\u00e9cider de mettre en \u0153uvre un plan de remise \u00e0 niveau de nos banlieues sensibles, un plan pluriannuel de plusieurs dizaines de milliards, comme avait su le faire le pays apr\u00e8s la deuxi\u00e8me guerre mondiale&nbsp;? Il n\u2019existe sans doute pas de rem\u00e8de miracle, mais peut-\u00eatre pourrait-on mettre au service de cet exaltant projet un service civique qui lui serait d\u00e9di\u00e9, et trouver dans la manne des niches fiscales, souvent extravagantes, une partie des financements recherch\u00e9s.<\/strong><\/p>\n\n\n\n<p><strong>&nbsp;&nbsp;&nbsp;&nbsp;&nbsp;&nbsp;&nbsp;&nbsp;&nbsp;&nbsp;&nbsp; Ne s\u2019agit-il pas en effet d\u2019une sorte de nouvelle reconstruction de la France&nbsp;?<\/strong><\/p>\n\n\n\n<p><strong>&nbsp;&nbsp;&nbsp;&nbsp;&nbsp;&nbsp;&nbsp;&nbsp;&nbsp; Le nouveau contrat r\u00e9publicain<\/strong><\/p>\n\n\n\n<p><strong>&nbsp;&nbsp;&nbsp;&nbsp;&nbsp;&nbsp;&nbsp;&nbsp;&nbsp;&nbsp;&nbsp; Il faut donc demander un effort exceptionnel \u00e0 notre nation, mais il faut, qu\u2019en contrepartie, il soit fond\u00e9 sur un contrat r\u00e9publicain irr\u00e9prochable&nbsp;: ne rien c\u00e9der des principes de la R\u00e9publique Fran\u00e7aise, fa\u00e7onn\u00e9s au cours des si\u00e8cles, notre unit\u00e9 nationale, les trois valeurs inscrites sur tous les frontons de nos mairies, la libert\u00e9, l\u2019\u00e9galit\u00e9, et la fraternit\u00e9. Une \u00e9galit\u00e9 entre les hommes et les femmes, et ce principe rev\u00eat encore plus d\u2019importance de nos jours que par le pass\u00e9, alors que sa conqu\u00eate a moins d\u2019un si\u00e8cle dans notre pays.<\/strong><\/p>\n\n\n\n<p><strong>&nbsp;&nbsp;&nbsp;&nbsp;&nbsp;&nbsp;&nbsp;&nbsp;&nbsp;&nbsp;&nbsp; La primaut\u00e9 de notre belle langue fran\u00e7aise, pour autant qu\u2019elle puisse \u00eatre menac\u00e9e.<\/strong><\/p>\n\n\n\n<p><strong>&nbsp;&nbsp;&nbsp;&nbsp;&nbsp;&nbsp;&nbsp;&nbsp;&nbsp;&nbsp;&nbsp; Et, tout autant, la la\u00efcit\u00e9, qui n\u2019a pas \u00e9t\u00e9 facile \u00e0 \u00e9tablir.<\/strong><\/p>\n\n\n\n<p><strong>&nbsp;&nbsp;&nbsp;&nbsp;&nbsp;&nbsp;&nbsp;&nbsp;&nbsp;&nbsp;&nbsp; Permettez-moi, \u00e0 ce sujet, de faire \u00e9tat d\u2019une anecdote familiale&nbsp;: mon grand-p\u00e8re paternel, franc-comtois de la \u00ab&nbsp;Petite Vend\u00e9e&nbsp;\u00bb du plateau de Ma\u00eeche, fut mis en prison, en 1906, parce qu\u2019il s\u2019opposait \u00e0 la mise en \u0153uvre de la loi de s\u00e9paration de l\u2019Eglise et de l\u2019Etat, alors que ses enfants et petits-enfants ont naturellement adopt\u00e9 cette grande loi de pacification civile et religieuse.<\/strong><\/p>\n\n\n\n<p><strong>&nbsp;&nbsp;&nbsp;&nbsp;&nbsp;&nbsp;&nbsp;&nbsp;&nbsp;&nbsp;&nbsp; Je dis aux jeunes de l\u2019autre \u00ab&nbsp;plan\u00e8te&nbsp;\u00bb&nbsp;: au terme de ce petit plaidoyer, je dis aux jeunes de nos banlieues sensibles&nbsp;: beaucoup de temps a pass\u00e9, trop de temps incontestablement, mais faites confiance au pays, la France officielle des aveugles et des bien pourvus va enfin se ressaisir, car ce r\u00eave national est aussi le v\u00f4tre.<\/strong><\/p>\n\n\n\n<p><strong>&nbsp;&nbsp;&nbsp;&nbsp;&nbsp;&nbsp;&nbsp;&nbsp;&nbsp;&nbsp;&nbsp; Je dis \u00e0 nos responsables politiques de gauche, de droite ou du centre&nbsp;: assumez enfin vos responsabilit\u00e9s, et les v\u00e9ritables destin\u00e9es de la France qui sont celles du si\u00e8cle actuel, et plus celles du pass\u00e9.<\/strong><\/p>\n\n\n\n<p><strong>&nbsp;&nbsp;&nbsp;&nbsp;&nbsp;&nbsp;&nbsp;&nbsp;&nbsp;&nbsp;&nbsp; Gare \u00e0 la France si cette mission collective, et on ne peut plus r\u00e9publicaine n\u2019est pas assum\u00e9e&nbsp;!<\/strong><\/p>\n\n\n\n<p><strong>&nbsp;&nbsp;&nbsp;&nbsp;&nbsp;&nbsp;&nbsp;&nbsp;&nbsp;&nbsp;&nbsp; Les caricatures de Plantu dans le Monde du 12 d\u00e9cembre 2009 devraient vous rappeler \u00e0 la r\u00e9alit\u00e9&nbsp;: la page \u00e9tait intitul\u00e9e Alertes rouges et le dessinateur \u00e9crivait en conclusion&nbsp;:<\/strong><\/p>\n\n\n\n<p><strong>&nbsp;&nbsp;&nbsp;&nbsp;&nbsp;&nbsp;&nbsp;&nbsp;&nbsp;&nbsp;&nbsp; \u00ab&nbsp;<em>Aujourd\u2019hui, bien s\u00fbr, on revient sur notre pauvre plan\u00e8te avec ses alertes au r\u00e9chauffement climatique. Mais il y a une autre plan\u00e8te dont on parle moins\u2026 Elle est en danger&nbsp;: c\u2019est la&nbsp;\u00ab&nbsp;Plan\u00e8te Banlieue&nbsp;\u00bb. Et quand elle va se mettre \u00e0 chauffer, \u00e7a va chauffer<\/em>&nbsp;!&nbsp;\u00bb<\/strong><\/p>\n\n\n\n<p><strong>&nbsp;&nbsp;&nbsp;&nbsp;&nbsp;&nbsp;&nbsp;&nbsp;&nbsp;&nbsp;&nbsp; Les analyses r\u00e9centes de Luc Bronner confirment le diagnostic actuel, en mettant l\u2019accent sur la prise de pouvoirs des jeunes dans certains quartiers sensibles et sur leur refus de participer r\u00e9cemment aux \u00e9lections des Conseils R\u00e9gionaux, beaucoup plus fort que celui de la moyenne des \u00e9lecteurs.<\/strong><\/p>\n\n\n\n<p><strong>&nbsp;&nbsp;&nbsp;&nbsp;&nbsp;&nbsp;&nbsp;&nbsp;&nbsp;&nbsp;&nbsp; Avez-vous d\u2019ailleurs entendu de la part des principaux partis politiques, dans les r\u00e9gions o\u00f9 ce probl\u00e8me est aigu des programmes d\u2019action pr\u00e9cis&nbsp;? A ma connaissance, non&nbsp;!<\/strong><\/p>\n\n\n\n<p><strong>&nbsp;&nbsp;&nbsp;&nbsp;&nbsp;&nbsp;&nbsp;&nbsp;&nbsp;&nbsp;&nbsp; Ajouterai-je que dans une \u00e9mission de France O d\u2019il y a quelques semaines, tout \u00e0 fait instructive, une femme exp\u00e9riment\u00e9e&nbsp; et de qualit\u00e9, manifestait la plus grande inqui\u00e9tude sur l\u2019avenir de ces quartiers, et sur leur conversion possible \u00e0 quelque chose qui ressemblerait \u00e0 une v\u00e9ritable insurrection.<\/strong><\/p>\n\n\n\n<p>Jean Pierre Renaud<\/p>\n\n\n\n<p class=\"has-text-align-center\"><strong>Post scriptum<\/strong><\/p>\n\n\n\n<p><strong>Le Premier Ministre vient de faire quelques annonces positives sur le sujet, mais qu\u2019on ne nous dise pas que la France manque d\u2019argent, m\u00eame si sa dette est colossale, car Hollande, tout comme Sarkozy, ont bien trouv\u00e9 des sous pour des op\u00e9rations militaires ext\u00e9rieures en Libye, au Mali, en Centrafrique, et en Irak, avec l\u2019envoi tout en fanfares du porte-avions Charles de Gaulle dans les eaux du Golfe Persique.<\/strong><\/p>\n\n\n\n<p><strong>De la grandeur, de la grandeur \u00e0 l\u2019\u00e9tranger, mais en sacrifiant ce que nous appellerions volontiers notre \u00ab&nbsp;front int\u00e9rieur&nbsp;\u00bb&nbsp;!<\/strong><\/p>\n\n\n\n<p><strong>Avec en petit compl\u00e9ment d\u2019information, la publication, \u00e0 nouveau, et demain, de mes notes de lecture du livre \u00ab&nbsp;La loi du ghetto&nbsp;\u00bb de Luc Bronner<\/strong><\/p>\n","protected":false},"excerpt":{"rendered":"<p>Avant-propos du 7 mars 2015 Le 7 janvier 2010, j\u2019avais publi\u00e9 sur mon blog \u00ab&nbsp;confidentiel&nbsp;\u00bb le texte ci-dessous relatif \u00e0 un dossier toujours aussi sensible de nos jours, plus de cinq ann\u00e9es apr\u00e8s. Le Premier Ministre parait d\u00e9cid\u00e9 \u00e0 s\u2019en saisir. Il a utilis\u00e9 le mot \u00ab&nbsp;apartheid&nbsp;\u00bb qui ne parait pas vraiment appropri\u00e9 au sujet, &hellip; <a href=\"https:\/\/www.eh-tique-media-tique.com\/index.php\/2015\/03\/07\/banlieues-ghettos-apartheid-un-challenge-pour-la-france\/\" class=\"more-link\">Continuer la lecture<span class=\"screen-reader-text\"> de &laquo;&nbsp;Banlieues, ghettos, apartheid ? Un challenge pour la France!&nbsp;&raquo;<\/span><\/a><\/p>\n","protected":false},"author":1,"featured_media":0,"comment_status":"closed","ping_status":"open","sticky":false,"template":"","format":"standard","meta":{"footnotes":""},"categories":[14],"tags":[2946,678,2947,270,1443,159,977,1473],"class_list":["post-2867","post","type-post","status-publish","format-standard","hentry","category-banlieues","tag-apartheid","tag-borloo","tag-fadel-amara","tag-france","tag-ghettos","tag-le-monde","tag-luc-bronner","tag-plantu"],"_links":{"self":[{"href":"https:\/\/www.eh-tique-media-tique.com\/index.php\/wp-json\/wp\/v2\/posts\/2867","targetHints":{"allow":["GET"]}}],"collection":[{"href":"https:\/\/www.eh-tique-media-tique.com\/index.php\/wp-json\/wp\/v2\/posts"}],"about":[{"href":"https:\/\/www.eh-tique-media-tique.com\/index.php\/wp-json\/wp\/v2\/types\/post"}],"author":[{"embeddable":true,"href":"https:\/\/www.eh-tique-media-tique.com\/index.php\/wp-json\/wp\/v2\/users\/1"}],"replies":[{"embeddable":true,"href":"https:\/\/www.eh-tique-media-tique.com\/index.php\/wp-json\/wp\/v2\/comments?post=2867"}],"version-history":[{"count":1,"href":"https:\/\/www.eh-tique-media-tique.com\/index.php\/wp-json\/wp\/v2\/posts\/2867\/revisions"}],"predecessor-version":[{"id":2868,"href":"https:\/\/www.eh-tique-media-tique.com\/index.php\/wp-json\/wp\/v2\/posts\/2867\/revisions\/2868"}],"wp:attachment":[{"href":"https:\/\/www.eh-tique-media-tique.com\/index.php\/wp-json\/wp\/v2\/media?parent=2867"}],"wp:term":[{"taxonomy":"category","embeddable":true,"href":"https:\/\/www.eh-tique-media-tique.com\/index.php\/wp-json\/wp\/v2\/categories?post=2867"},{"taxonomy":"post_tag","embeddable":true,"href":"https:\/\/www.eh-tique-media-tique.com\/index.php\/wp-json\/wp\/v2\/tags?post=2867"}],"curies":[{"name":"wp","href":"https:\/\/api.w.org\/{rel}","templated":true}]}}