{"id":3058,"date":"2023-12-26T13:08:15","date_gmt":"2023-12-26T12:08:15","guid":{"rendered":"https:\/\/www.eh-tique-media-tique.com\/?p=3058"},"modified":"2024-01-04T13:10:40","modified_gmt":"2024-01-04T12:10:40","slug":"mes-voeux-2024-pour-la-france","status":"publish","type":"post","link":"https:\/\/www.eh-tique-media-tique.com\/index.php\/2023\/12\/26\/mes-voeux-2024-pour-la-france\/","title":{"rendered":"Mes v\u0153ux 2024 pour la France"},"content":{"rendered":"\n<p><strong>J\u2019ai servi la France pendant plusieurs dizaines d\u2019ann\u00e9es, et cela fait des dizaines d\u2019ann\u00e9es que je vois mon pays d\u00e9cliner, se diviser, ne croire plus \u00e0 rien, avec la passivit\u00e9, sinon l\u2019encouragement de nos gouvernements successifs de gauche ou de droite.<\/strong><\/p>\n\n\n\n<p><strong>Les graves incidents de juin-juillet 2023 ont scell\u00e9 \u00e0 mes yeux cette p\u00e9riode avec un Pr\u00e9sident qui gigote avec talent mais qui ne fixe jamais les&nbsp; limites \u00e0 ne pas franchir.<\/strong><\/p>\n\n\n\n<p><strong>Je souhaite donc<\/strong><\/p>\n\n\n\n<ol class=\"wp-block-list\">\n<li><strong>Que l\u2019on donne la L\u00e9gion d\u2019Honneur \u00e0 tous les Maires qui ont sauv\u00e9 la R\u00e9publique en juillet 2023,&nbsp; une promotion sp\u00e9ciale&nbsp;!<\/strong><\/li>\n\n\n\n<li><strong>Que la R\u00e9publique r\u00e9tablisse un service militaire obligatoire pour redonner une boussole&nbsp; \u00e0 cette jeunesse qui ne sait plus ce qu\u2019est ni le service de la R\u00e9publique, ni la France&nbsp;!<\/strong><\/li>\n\n\n\n<li><strong>Que sur le volet immigration, le dernier mot soit donn\u00e9 au suffrage universel, au peuple, et non \u00e0 de faux juges de paix \u00e0 Paris ou \u00e0 l\u2019\u00e9tranger&nbsp;!<\/strong><\/li>\n\n\n\n<li><strong>&nbsp;Que la classe politique redonne \u00e0 la jeunesse une esp\u00e9rance dans la France&nbsp;!<\/strong><\/li>\n<\/ol>\n\n\n\n<p><strong>&amp;<\/strong><\/p>\n\n\n\n<p><strong>La France n\u2019a pas confiance\u00a0!<\/strong><\/p>\n\n\n\n<p><strong>Jean Pierre Renaud<\/strong><\/p>\n","protected":false},"excerpt":{"rendered":"<p>J\u2019ai servi la France pendant plusieurs dizaines d\u2019ann\u00e9es, et cela fait des dizaines d\u2019ann\u00e9es que je vois mon pays d\u00e9cliner, se diviser, ne croire plus \u00e0 rien, avec la passivit\u00e9, sinon l\u2019encouragement de nos gouvernements successifs de gauche ou de droite. Les graves incidents de juin-juillet 2023 ont scell\u00e9 \u00e0 mes yeux cette p\u00e9riode avec &hellip; <a href=\"https:\/\/www.eh-tique-media-tique.com\/index.php\/2023\/12\/26\/mes-voeux-2024-pour-la-france\/\" class=\"more-link\">Continuer la lecture<span class=\"screen-reader-text\"> de &laquo;&nbsp;Mes v\u0153ux 2024 pour la France&nbsp;&raquo;<\/span><\/a><\/p>\n","protected":false},"author":1,"featured_media":0,"comment_status":"open","ping_status":"open","sticky":false,"template":"","format":"standard","meta":{"footnotes":""},"categories":[2,7,6,5,10,4],"tags":[270,280],"class_list":["post-3058","post","type-post","status-publish","format-standard","hentry","category-actualites","category-communication","category-culture","category-histoire","category-immigration","category-politique","tag-france","tag-politique"],"_links":{"self":[{"href":"https:\/\/www.eh-tique-media-tique.com\/index.php\/wp-json\/wp\/v2\/posts\/3058","targetHints":{"allow":["GET"]}}],"collection":[{"href":"https:\/\/www.eh-tique-media-tique.com\/index.php\/wp-json\/wp\/v2\/posts"}],"about":[{"href":"https:\/\/www.eh-tique-media-tique.com\/index.php\/wp-json\/wp\/v2\/types\/post"}],"author":[{"embeddable":true,"href":"https:\/\/www.eh-tique-media-tique.com\/index.php\/wp-json\/wp\/v2\/users\/1"}],"replies":[{"embeddable":true,"href":"https:\/\/www.eh-tique-media-tique.com\/index.php\/wp-json\/wp\/v2\/comments?post=3058"}],"version-history":[{"count":1,"href":"https:\/\/www.eh-tique-media-tique.com\/index.php\/wp-json\/wp\/v2\/posts\/3058\/revisions"}],"predecessor-version":[{"id":3059,"href":"https:\/\/www.eh-tique-media-tique.com\/index.php\/wp-json\/wp\/v2\/posts\/3058\/revisions\/3059"}],"wp:attachment":[{"href":"https:\/\/www.eh-tique-media-tique.com\/index.php\/wp-json\/wp\/v2\/media?parent=3058"}],"wp:term":[{"taxonomy":"category","embeddable":true,"href":"https:\/\/www.eh-tique-media-tique.com\/index.php\/wp-json\/wp\/v2\/categories?post=3058"},{"taxonomy":"post_tag","embeddable":true,"href":"https:\/\/www.eh-tique-media-tique.com\/index.php\/wp-json\/wp\/v2\/tags?post=3058"}],"curies":[{"name":"wp","href":"https:\/\/api.w.org\/{rel}","templated":true}]}}