{"id":3104,"date":"2023-10-13T13:53:46","date_gmt":"2023-10-13T11:53:46","guid":{"rendered":"https:\/\/www.eh-tique-media-tique.com\/?p=3104"},"modified":"2024-01-04T13:55:53","modified_gmt":"2024-01-04T12:55:53","slug":"lire-article-du-17-10-23-la-republique-de-macron-on-parle-on-parle-la-france-qui-flambe","status":"publish","type":"post","link":"https:\/\/www.eh-tique-media-tique.com\/index.php\/2023\/10\/13\/lire-article-du-17-10-23-la-republique-de-macron-on-parle-on-parle-la-france-qui-flambe\/","title":{"rendered":"Lire Article du 17\/10\/23 La R\u00e9publique de Macron, on parle, on parle&#8230; La France qui flambe&#8230;"},"content":{"rendered":"\n<p><strong>La politique africaine de la France<\/strong><\/p>\n\n\n\n<p><strong>Les questions qu\u2019on ne pose pas&nbsp;!<\/strong><\/p>\n\n\n\n<p><strong>Depuis la chute de l\u2019URSS en 1989, le monde a chang\u00e9, mais la politique africaine n\u2019a pas vraiment chang\u00e9&nbsp;!<\/strong><\/p>\n\n\n\n<p><strong>Les Pr\u00e9sidents de la R\u00e9publique qui se sont succ\u00e9d\u00e9 ont conserv\u00e9 les r\u00e9flexes du Pr\u00e9 Carr\u00e9&nbsp;!<\/strong><\/p>\n\n\n\n<p><strong>La le\u00e7on, moins on s\u2019en m\u00eale, mieux cela vaut&nbsp;!<\/strong><\/p>\n\n\n\n<p><strong>Les \u00e9checs successifs des Pr\u00e9sidents Hollande et Macron au Sahel, le Mali, et r\u00e9cemment, en cascade, le Burkina Fasso, le Niger, et le Gabon&nbsp;!<\/strong><\/p>\n\n\n\n<p><strong>&nbsp;&nbsp;&nbsp;&nbsp;&nbsp;&nbsp;&nbsp;&nbsp;&nbsp;&nbsp;&nbsp; Quelques ann\u00e9es auparavant, avec le m\u00eame aveuglement,&nbsp; Sarkozy \u00e9tait intervenu en Lybie, intervention dont les cons\u00e9quences d\u00e9sastreuses sont encore la d\u00e9stabilisation de la Lybie et du Sahel.<\/strong><\/p>\n\n\n\n<p><strong>&nbsp;&nbsp;&nbsp;&nbsp;&nbsp;&nbsp;&nbsp;&nbsp;&nbsp;&nbsp;&nbsp; La sagesse de Messmer&nbsp;! Si on l\u2019avait \u00e9cout\u00e9\u2026<\/strong><\/p>\n\n\n\n<p><strong>( sauf dans le cas des Harkis abandonn\u00e9s aux mains du FLN \u00e0 la fin de la guerre d\u2019Alg\u00e9rie en 1962&nbsp;! )<\/strong><\/p>\n\n\n\n<p><strong>&nbsp;&nbsp;&nbsp;&nbsp;&nbsp;&nbsp;&nbsp;&nbsp;&nbsp;&nbsp;&nbsp; Son&nbsp; livre \u00ab&nbsp;Les blancs s\u2019en vont&nbsp;\u00bb (1998) est truff\u00e9 d\u2019exemples et de bons conseils sur les relations que la France pouvait entretenir avec les anciennes colonies d\u2019Afrique noire devenues ind\u00e9pendantes en 1962.<\/strong><\/p>\n\n\n\n<p><strong>&nbsp;&nbsp;&nbsp;&nbsp;&nbsp;&nbsp;&nbsp;&nbsp;&nbsp;&nbsp;&nbsp; Mon vieil ami, Michel Auch\u00e8re, qui fit une carri\u00e8re diplomatique en Asie et en Afrique noire m\u2019avait offert ce livre en 1999. Nous \u00e9tions sortis de la m\u00eame \u00e9cole que Messmer,&nbsp; l\u2019Ecole Nationale de la France d\u2019Outre-Mer, une \u00e9cole au service de l\u2019Afrique.<\/strong><\/p>\n\n\n\n<p><strong>\u00ab&nbsp;Gendarme blanc en Afrique noire&nbsp;\u00bb<\/strong><strong>&nbsp;(page 251)<\/strong><\/p>\n\n\n\n<p><strong>\u00ab&nbsp;\u2026 Pendant trente &#8211; cinq ans, avec une remarquable continuit\u00e9 depuis de Gaulle, jusqu\u2019\u00e0 Chirac\u2026. La France&nbsp; a maintenu des forces arm\u00e9es en Afrique, avec le consentement des gouvernements africains concern\u00e9s.<\/strong><\/p>\n\n\n\n<p><strong>Est-ce utile&nbsp;?<\/strong><\/p>\n\n\n\n<p><strong>Est-ce que sera longtemps encore possible<\/strong><\/p>\n\n\n\n<p><strong>Le maintien de la stabilit\u00e9 politique, int\u00e9rieure et ext\u00e9rieure, des Etats africains est la raison reconnue de notre pr\u00e9sence militaire&nbsp;; ceux qui en d\u00e9noncent le conservatisme ferment les yeux sur le plus grave danger&nbsp; qui menace l\u2019Afrique, l\u2019anarchie. La Somalie, le Lib\u00e9ria, le Sierra Leone ont \u00e9t\u00e9 ou sont encore livr\u00e9s \u00e0 des bandes bien arm\u00e9es qui ne savent que piller et massacrer\u2026\u00a0\u00bb&nbsp;<\/strong><\/p>\n\n\n\n<p><strong>&nbsp; &nbsp; &nbsp; &nbsp; &nbsp; &nbsp; &nbsp; &nbsp; &nbsp; &nbsp; &nbsp; &nbsp; &nbsp; &nbsp; &nbsp; &nbsp; &nbsp; &nbsp; &nbsp; &nbsp; &nbsp; &nbsp; &nbsp; &nbsp; &nbsp; &nbsp; &nbsp; &nbsp; &nbsp; &nbsp; &nbsp; &nbsp; &nbsp; &nbsp; &nbsp; &nbsp; &nbsp; &nbsp; &nbsp; &nbsp; &nbsp; &nbsp; &nbsp; &nbsp; &nbsp; &nbsp; &nbsp; &nbsp; &nbsp; &nbsp; &nbsp; &nbsp; &nbsp; &nbsp; &nbsp; &nbsp; &nbsp; &nbsp; &nbsp; &nbsp; &nbsp; &nbsp; &nbsp; &nbsp; &nbsp; &nbsp; &nbsp;&nbsp;&nbsp;Le grand Za\u00efre, naturellement riche, a \u00e9t\u00e9 au bord de la d\u00e9composition&nbsp;; de plus en plus, l\u2019autorit\u00e9 est corrompue, affaiblie, contest\u00e9e.<\/strong><\/p>\n\n\n\n<p><strong>Cette crise n\u2019est pas l\u2019effet du hasard mais de l\u2019histoire. Pendant des si\u00e8cles, l\u2019Afrique n\u2019a connu que deux pouvoirs&nbsp;: toujours la tribu (s\u00e9dentaire ou nomade) et parfois l\u2019empire. Le gouvernement des campements et des villages \u00e9tait organis\u00e9 \u00e0 partir de liens familiaux, dans une langue et une culture communes. Les empires noirs &#8211; Ghana, Mali, Sonrha\u00ef, Mossi, Haoussa, pour se limiter \u00e0 l\u2019Afrique de l\u2019Ouest &#8211; \u00e9tablissaient sur les peuples vaincus, apr\u00e8s la conqu\u00eate et son cort\u00e8ge de ruines et de malheurs des sortes de protectorats aux pouvoirs mal d\u00e9finis et aux limites g\u00e9ographiques incertaines qui se d\u00e9faisaient plus ou moins sous un choc ext\u00e9rieur ou par des r\u00e9voltes int\u00e9rieures. Si les empires coloniaux fran\u00e7ais, anglais, belge, portugais ont pu s\u2019\u00e9tablir facilement dans toute l\u2019Afrique noire, \u00e0 la fin du XIX\u00b0 si\u00e8cle, ce n\u2019est pas seulement comme l\u2019ont soulign\u00e9 les historiens, parce qu\u2019ils ont trouv\u00e9 devant eux le vide politique, c\u2019est parce que l\u2019empire est une&nbsp; forme traditionnelle de pouvoir tol\u00e9r\u00e9e par les soci\u00e9t\u00e9s n\u00e9gro-africaines.<\/strong><\/p>\n\n\n\n<p><strong>Les Etats-nations cr\u00e9\u00e9s par l\u2019ind\u00e9pendance \u00e0 l\u2019image de ce qui existe en France et en Europe sont \u00e9trangers \u00e0 la culture politique africaine. Il ne faut donc pas s\u2019\u00e9tonner si des d\u00e9rapages ont lieu, malgr\u00e9 l\u2019aide et la coop\u00e9ration des anciens colonisateurs\u2026<\/strong><\/p>\n\n\n\n<p><strong>Par leur action ou par leur pr\u00e9sence, les militaires fran\u00e7ais stabilisent le pouvoir en place, au risque d\u2019\u00eatre m\u00eal\u00e9 \u00e0 des guerres civiles, comme ce fut le cas au Tchad, au Rwanda et en Centrafrique. L\u2019opinion publique fran\u00e7aise acceptera-t-elle longtemps une situation aussi absurde&nbsp;? Et comment l\u2019\u00e9viter&nbsp;?<\/strong><\/p>\n\n\n\n<p><strong>La premi\u00e8re r\u00e8gle est de ne jamais soutenir par nos armes un pouvoir ill\u00e9gitime issu de complots ou de coups de force militaires, m\u00eame justifi\u00e9s par l\u2019impuissance, la corruption, la partialit\u00e9 des pr\u00e9d\u00e9cesseurs\u2026<\/strong><\/p>\n\n\n\n<p><strong>La seconde r\u00e8gle est d\u2019all\u00e9ger autant que possible le nombre et les effectifs des bases et garnisons fran\u00e7aises en Afrique\u2026<\/strong><\/p>\n\n\n\n<p><strong>D\u00e9sormais, les interventions r\u00e9clament des moyens que les bases fran\u00e7aises en Afrique ne peuvent pas fournir&nbsp;; le pourraient-elles que nous ne sommes pas assur\u00e9s d\u2019en disposer librement\u2026<\/strong><\/p>\n\n\n\n<p><strong>Dans ces affaires dangereuses et compliqu\u00e9es, nous devons garder les mains libres le plus possible. L\u2019existence de bases et&nbsp; de garnisons sur le sol africain est en contradiction avec cette r\u00e8gle de prudence et de bon sens.<\/strong><\/p>\n\n\n\n<p><strong>Humanitaires et militaires (page 256)<\/strong><\/p>\n\n\n\n<p><strong>\u2026 Depuis que les catastrophes politiques \u2013 guerres civiles, guerres tribales, d\u00e9liquescence des arm\u00e9es qui \u00e9clatent et se transforment en bandes de pillards, corruption g\u00e9n\u00e9ralis\u00e9e des administrations \u2013 ont ravag\u00e9 des pays africains comme la Somalie, le Lib\u00e9ria, le Rwanda, le Burundi, le Za\u00efre, le Congo-Brazzaville et en menacent d\u2019autres, la situation des organisations humanitaires a chang\u00e9. ..&nbsp;\u00bb&nbsp;(p,257)<\/strong><\/p>\n\n\n\n<p><strong>\u00ab&nbsp;\u2026 J\u2019ai d\u00e9j\u00e0 dit qu\u2019elle en \u00e9tait \u00e0 mon avis, la cause profonde&nbsp;: incompatibilit\u00e9 entre action humanitaire et action militaire. Mais il faut aller plus loin et&nbsp; se demander pourquoi les responsables qui connaissent et&nbsp; ressentent cette contradiction n\u2019en tiennent aucun compte dans leurs d\u00e9cisions. Pourquoi les gouvernements engagent-ils des forces arm\u00e9es, alors qu\u2019ils n\u2019ont aucun projet politique s\u00e9rieux pour sortir de la crise dans laquelle on les sollicite d\u2019intervenir \u2026<\/strong><\/p>\n\n\n\n<p><strong>Dans cette d\u00e9b\u00e2cle, les gouvernements sont&nbsp; les principaux responsables mais les humanitaires ont leur part de responsabilit\u00e9. Il faut le dire, m\u00eame si cela choque. L\u2019action humanitaire est b\u00e9n\u00e9fique \u00e0 court terme, mais elle peut avoir \u00e0 moyen terme des cons\u00e9quences d\u00e9favorables&nbsp;: ceux qu\u2019on voulait aider et&nbsp; les organisations elles-m\u00eames sont alors les victimes.<\/strong><\/p>\n\n\n\n<p><strong>Dans la Somalie ruin\u00e9e par la s\u00e9cheresse persistante, en pleine anarchie, livr\u00e9e aux bandes rivales, quand les ONG veulent distribuer vivres et m\u00e9dicaments, elles ne peuvent le faire qu\u2019avec l\u2019accord des chefs de bande qui se font payer\u2026<\/strong><\/p>\n\n\n\n<p><strong>Au Rwanda, une situation diff\u00e9rente entraina un peu plus tard des cons\u00e9quences encore plus catastrophiques\u2026 Les agences des Nations Unies et les organisations humanitaires fournissaient nourriture, couvertures, aide m\u00e9dicale distribu\u00e9es par l\u2019interm\u00e9diaire des criminels qui encadraient les r\u00e9fugi\u00e9s et leur interdisait de rentrer chez eux\u2026 (p,259)<\/strong><\/p>\n\n\n\n<p><strong>Mais ils ne sont&nbsp; pas, non plus seuls coupables. Les organisations humanitaires n\u2019ont ni la vocation ni les moyens d\u2019assurer la s\u00e9curit\u00e9 de grands rassemblements humains. C\u2019est la fonction et le devoir des Etats. Encore faut-il qu\u2019il y ait un Etat. Les probl\u00e8mes des pays africains sont d\u2019abord politiques et \u00e9conomiques. Les actions humanitaires ni les interventions militaires ext\u00e9rieures ne suffiront pas \u00e0 les r\u00e9soudre\u2026.<\/strong><\/p>\n\n\n\n<p><strong>Pourquoi les humanitaires qui savaient et ont v\u00e9rifi\u00e9 la n\u00e9cessit\u00e9 d\u2019agir ind\u00e9pendamment des gouvernements et surtout de leurs forces arm\u00e9es, pers\u00e9v\u00e8rent dans l\u2019erreur d\u2019analyse et la dramatisation des crises&nbsp;?<\/strong><\/p>\n\n\n\n<p><strong>D\u2019abord, par ce qu\u2019ils croient, en toute bonne foi, qu\u2019ils sont indispensables \u00e0 l\u2019Afrique, qui a pourtant surv\u00e9cu sans eux pendant des si\u00e8cles\u2026<\/strong><\/p>\n\n\n\n<p><strong>Il y a une autre raison&nbsp;: l\u2019Afrique est n\u00e9cessaire aux humanitaires. Elle les attire comme un aimant&nbsp;: \u00ab&nbsp;On a remplac\u00e9 la demande par l\u2019offre. Hier on r\u00e9pondait aux crises, aujourd\u2019hui on va devant elles&nbsp;\u00bb, constate Bony Brauman, ancien pr\u00e9sident de M\u00e9decins sans fronti\u00e8res. Si, par miracle, l\u2019Afrique du sud du Sahara sortait en quelques ann\u00e9es du sous-d\u00e9veloppement, plusieurs agences des Nations Unies seraient en ch\u00f4mage et les organisations humanitaires non gouvernementales devraient plier bagage. Or, le premier objectif de toute administration m\u00eame caritative est de pers\u00e9v\u00e9rer dans l\u2019\u00eatre.<\/strong><\/p>\n\n\n\n<p><strong><em>Vers une rel\u00e8ve du gendarme blanc<\/em><\/strong><\/p>\n\n\n\n<p><strong>La France a une politique africaine. On peut la critiquer mais dans tous les cas, il faut que nos interventions militaires soient coh\u00e9rentes avec notre politique\u2026 Une intervention militaire n\u2019est justifi\u00e9e que s\u2019il existe un int\u00e9r\u00eat fran\u00e7ais, moral, ou mat\u00e9riel, \u00e0 d\u00e9fendre, tel que sauvetage de vies fran\u00e7aises, maintien de&nbsp; l\u2019\u00e9quilibre dans un pays ami, aide \u00e0 un alli\u00e9 contre une agression ext\u00e9rieure\u2026<\/strong><\/p>\n\n\n\n<p><strong><em>Par les Africains eux-m\u00eames<\/em><\/strong><\/p>\n\n\n\n<p><strong>La bonne connaissance, par les Africains de leur terrain et de leurs \u00ab&nbsp;fr\u00e8res&nbsp;\u00bb ou \u00ab&nbsp;cousins&nbsp;\u00bb et leur refus \u2013 a priori l\u00e9gitime \u2013 d\u2019une intervention des Blancs conduisent \u00e0 une solution de bon sens&nbsp;: c\u2019est aux Africains qu\u2019il revient de d\u00e9cider et d\u2019ex\u00e9cuter les interventions&nbsp; militaires en Afrique\u2026<\/strong><\/p>\n\n\n\n<p><strong>Si ces interventions se multipliaient, l\u2019Afrique entrerait dans une \u00e8re nouvelle de guerres tribales. Raison de plus pour que nous Fran\u00e7ais respections la r\u00e8gle d\u2019or de n\u2019intervenir directement qu\u2019en cas d\u2019absolue n\u00e9cessit\u00e9.&nbsp;\u00bb&nbsp;&nbsp;(p,269)<\/strong><\/p>\n\n\n\n<p><strong>Messmer concluait son livre par un chapitre intitul\u00e9 \u00ab&nbsp;N\u00e9ocolonialisme et abandon&nbsp;\u00bb (p,271)<\/strong><\/p>\n\n\n\n<p><strong><em>Faut-il recoloniser l\u2019Afrique&nbsp;?<\/em><\/strong><\/p>\n\n\n\n<p><strong>Politique africaine des Etats Unis (p,276)<\/strong><\/p>\n\n\n\n<p><strong>&nbsp;Politique africaine de la France&nbsp;: coop\u00e9rer, comment et pourquoi&nbsp;? (p, 281)<\/strong><\/p>\n\n\n\n<p><strong>A l\u2019aube du XXI\u00e8me si\u00e8cle (p,287)<\/strong><\/p>\n\n\n\n<p><strong>En fin d\u2019ouvrage (p,295), Messmer \u00e9crivait&nbsp;:<\/strong><\/p>\n\n\n\n<p><strong>\u00ab&nbsp;Isol\u00e9e du reste du monde par un immense d\u00e9sert, deux grands oc\u00e9ans, l\u2019Afrique noire est rest\u00e9e imp\u00e9n\u00e9trable jusqu\u2019au XX\u00e8me si\u00e8cle. C\u2019est alors que le choc de la culture occidentale a frapp\u00e9 des soci\u00e9t\u00e9s traditionnelles fragiles, brisant leur isolement. Les structures \u00e9conomiques et sociales, politiques et linguistiques ont vol\u00e9 en \u00e9clat, mais les Africains ont conserv\u00e9 leur \u00e9lan vital incomparable, leur infinie capacit\u00e9 de souffrance, leur solidarit\u00e9 familiale et tribale forte et leur sentiment national faible,&nbsp; leurs religions traditionnelles en d\u00e9clin apparent mais impr\u00e9gnant le christianisme et l\u2019islam des nouveaux convertis. Le syncr\u00e9tisme est une forme du g\u00e9nie africain. Pourquoi ne s\u2019appliquerait-il pas \u00e0 la politique&nbsp;? Les dieux de l\u2019Afrique ne sont pas morts. Pour survivre, ils se cachent&nbsp; sous d\u2019\u00e9tranges d\u00e9guisements.&nbsp;\u00bb (p,295)<\/strong><\/p>\n\n\n\n<p><strong>Questions&nbsp;:<\/strong><\/p>\n\n\n\n<p><strong>Fallait-il rester au Mali et y laisser un fort contingent militaire, une fois contenu le danger djihadiste au-del\u00e0 de Bamako&nbsp;? Rien n\u2019est moins s\u00fbr&nbsp;!<\/strong><\/p>\n\n\n\n<p><strong>Les interventions physiques et verbales du Pr\u00e9sident Macron au Mali, au Burkina-Fasso, au Gabon ou au Niger ne sont effectivement pas les bienvenues en Afrique noire, compte tenu&nbsp; d\u2019une propagande facile \u00e0 d\u00e9velopper contre la France dans une Afrique qui ignore presque tout de l\u2019histoire coloniale, une ignorance largement partag\u00e9e par beaucoup de faux \u00ab&nbsp;sachants&nbsp;\u00bb postcoloniaux.<\/strong><\/p>\n\n\n\n<p><strong>Les d\u00e9clarations t\u00e9l\u00e9vis\u00e9es du Pr\u00e9sident actuel, de soutien \u00e0 l\u2019ancien Pr\u00e9sident du Niger d\u00e9chu par une junte militaire au Niger seraient \u00e0 classer dans la cat\u00e9gorie des interventions inopportunes et hors du temps.<\/strong><\/p>\n\n\n\n<p><strong>Jean Pierre Renaud&nbsp;&nbsp;&nbsp;&nbsp;&nbsp;&nbsp;&nbsp;&nbsp;&nbsp;&nbsp;&nbsp;&nbsp;&nbsp;&nbsp;&nbsp;&nbsp; Tous droits r\u00e9serv\u00e9s<\/strong><\/p>\n","protected":false},"excerpt":{"rendered":"<p>La politique africaine de la France Les questions qu\u2019on ne pose pas&nbsp;! Depuis la chute de l\u2019URSS en 1989, le monde a chang\u00e9, mais la politique africaine n\u2019a pas vraiment chang\u00e9&nbsp;! Les Pr\u00e9sidents de la R\u00e9publique qui se sont succ\u00e9d\u00e9 ont conserv\u00e9 les r\u00e9flexes du Pr\u00e9 Carr\u00e9&nbsp;! La le\u00e7on, moins on s\u2019en m\u00eale, mieux cela &hellip; <a href=\"https:\/\/www.eh-tique-media-tique.com\/index.php\/2023\/10\/13\/lire-article-du-17-10-23-la-republique-de-macron-on-parle-on-parle-la-france-qui-flambe\/\" class=\"more-link\">Continuer la lecture<span class=\"screen-reader-text\"> de &laquo;&nbsp;Lire Article du 17\/10\/23 La R\u00e9publique de Macron, on parle, on parle&#8230; La France qui flambe&#8230;&nbsp;&raquo;<\/span><\/a><\/p>\n","protected":false},"author":1,"featured_media":0,"comment_status":"open","ping_status":"open","sticky":false,"template":"","format":"standard","meta":{"footnotes":""},"categories":[1,4],"tags":[249,280],"class_list":["post-3104","post","type-post","status-publish","format-standard","hentry","category-divers","category-politique","tag-afrique","tag-politique"],"_links":{"self":[{"href":"https:\/\/www.eh-tique-media-tique.com\/index.php\/wp-json\/wp\/v2\/posts\/3104","targetHints":{"allow":["GET"]}}],"collection":[{"href":"https:\/\/www.eh-tique-media-tique.com\/index.php\/wp-json\/wp\/v2\/posts"}],"about":[{"href":"https:\/\/www.eh-tique-media-tique.com\/index.php\/wp-json\/wp\/v2\/types\/post"}],"author":[{"embeddable":true,"href":"https:\/\/www.eh-tique-media-tique.com\/index.php\/wp-json\/wp\/v2\/users\/1"}],"replies":[{"embeddable":true,"href":"https:\/\/www.eh-tique-media-tique.com\/index.php\/wp-json\/wp\/v2\/comments?post=3104"}],"version-history":[{"count":1,"href":"https:\/\/www.eh-tique-media-tique.com\/index.php\/wp-json\/wp\/v2\/posts\/3104\/revisions"}],"predecessor-version":[{"id":3105,"href":"https:\/\/www.eh-tique-media-tique.com\/index.php\/wp-json\/wp\/v2\/posts\/3104\/revisions\/3105"}],"wp:attachment":[{"href":"https:\/\/www.eh-tique-media-tique.com\/index.php\/wp-json\/wp\/v2\/media?parent=3104"}],"wp:term":[{"taxonomy":"category","embeddable":true,"href":"https:\/\/www.eh-tique-media-tique.com\/index.php\/wp-json\/wp\/v2\/categories?post=3104"},{"taxonomy":"post_tag","embeddable":true,"href":"https:\/\/www.eh-tique-media-tique.com\/index.php\/wp-json\/wp\/v2\/tags?post=3104"}],"curies":[{"name":"wp","href":"https:\/\/api.w.org\/{rel}","templated":true}]}}