{"id":3128,"date":"2023-08-25T14:12:55","date_gmt":"2023-08-25T12:12:55","guid":{"rendered":"https:\/\/www.eh-tique-media-tique.com\/?p=3128"},"modified":"2024-01-04T14:14:28","modified_gmt":"2024-01-04T13:14:28","slug":"le-bling-bling-politique","status":"publish","type":"post","link":"https:\/\/www.eh-tique-media-tique.com\/index.php\/2023\/08\/25\/le-bling-bling-politique\/","title":{"rendered":"Le Bling-Bling politique\u2026"},"content":{"rendered":"\n<p><strong>Sarkozy, Ukraine, Crim\u00e9e, Libye, Niger, France<\/strong><\/p>\n\n\n\n<p><strong>La longue interview de Nicolas Sarkozy<\/strong><\/p>\n\n\n\n<p><strong>8 pages dans le Figaro Magazine des 18 et 19 ao\u00fbt 2023<\/strong><\/p>\n\n\n\n<p><strong>&nbsp;&nbsp;&nbsp;&nbsp;&nbsp;&nbsp;&nbsp;&nbsp;&nbsp;&nbsp;&nbsp; \u00ab&nbsp;&nbsp;<em>\u2026 une interview exclusive dans laquelle il livre quelques v\u00e9rit\u00e9s, sans crainte de bousculer le politiquement correct, sur le conflit russo-ukrainien, l\u2019Alg\u00e9rie et l\u2019immigration. Il revient \u00e9galement sur la politique d\u2019Emmanuel Macron, l\u2019avenir des R\u00e9publicains, l\u2019\u00e9tat de la police et de la justice en France.&nbsp;\u00bb (page 23)<\/em><\/strong><\/p>\n\n\n\n<p><strong>Guerre en Ukraine, Crim\u00e9e&nbsp;?<\/strong><\/p>\n\n\n\n<p><strong>Ukraine, des soldats ukrainiens et de nombreux civils meurent en Ukraine chaque jour.<\/strong><\/p>\n\n\n\n<p><strong>L\u2019ancien Pr\u00e9sident de la R\u00e9publique livre un message de relation diplomatique \u00ab&nbsp;r\u00e9aliste&nbsp;\u00bb tout \u00e0 fait incongru.<\/strong><\/p>\n\n\n\n<p><strong>Citation&nbsp;: \u00ab&nbsp;<em>Poutine a eu tort, ce qu\u2019il a fait est grave et se traduit par un \u00e9chec, mais une fois cela dit, il faut trouver une voie de sortie.&nbsp;\u00bb<\/em><\/strong><\/p>\n\n\n\n<p><strong>Vers les cimeti\u00e8res d\u2019Ukraine ou de Crim\u00e9e&nbsp;?<\/strong><\/p>\n\n\n\n<p><strong>\u00ab&nbsp;<em>grave<\/em>&nbsp;\u00bb, \u00ab&nbsp;<em>\u00e9chec<\/em>&nbsp;\u00bb, \u00ab&nbsp;<em>voie<\/em>&nbsp;<em>de sortie<\/em>&nbsp;\u00bb pour un criminel de guerre issu du KGB sovi\u00e9tique&nbsp;?<\/strong><\/p>\n\n\n\n<p><strong>La Crim\u00e9e<\/strong><\/p>\n\n\n\n<p><strong>Citation &nbsp;\u00ab&nbsp;<em>La Crim\u00e9e \u00e9tait russe jusqu\u2019en 1954. Tout retour en arri\u00e8re est illusoire&nbsp;\u00bb<\/em><\/strong><\/p>\n\n\n\n<p><strong>Faux&nbsp;! Elle \u00e9tait sovi\u00e9tique et non russe, en faisant l\u2019impasse sur le progrom sovi\u00e9tique des Tatars.<\/strong><\/p>\n\n\n\n<p><strong>\u00ab&nbsp;En 1922 la Crim\u00e9e \u00e9tait devenue une r\u00e9publique autonome au sein de la RSFSR. A cette \u00e9poque, les Tatars repr\u00e9sentaient les deux tiers de la population qui comptait 762&nbsp;000 \u00e2mes.<\/strong><\/p>\n\n\n\n<p><strong>En 1944, \u00ab&nbsp;\u2026 B\u00e9ria, le chef de la police stalinienne (NKVD) avait fait d\u00e9porter vers l\u2019Asie centrale la population tatare de Crim\u00e9e dans la nuit du 18 mai 1944. La R\u00e9publique autonome de Crim\u00e9e avait alors \u00e9t\u00e9 ramen\u00e9e au rang de simple r\u00e9gion (oblast).&nbsp;\u00bb<\/strong><\/p>\n\n\n\n<p><strong>(Pages 291 et 292 Journal du premier ambassadeur de France \u00e0 Kiev, Hugues Pernet)<\/strong><\/p>\n\n\n\n<p><strong>D\u00e9linquance et immigration<\/strong><\/p>\n\n\n\n<p><strong>Citation&nbsp;:&nbsp;<em>\u00ab&nbsp; Dans le discours de Grenoble en 2010, je d\u00e9non\u00e7ais d\u00e9j\u00e0 le lien entre d\u00e9linquance et immigration<\/em>&nbsp;\u00bb<\/strong><\/p>\n\n\n\n<ol class=\"wp-block-list\">\n<li><strong>Mais alors pourquoi avoir d\u00e9cid\u00e9 d\u2019accueillir en France les mineurs \u00e9trangers, lesquels alimentent des flux d\u2019immigration clandestine de plusieurs dizaines de milliers d\u2019\u00e9trangers et perturbent la vie de la nation&nbsp;?<\/strong><\/li>\n\n\n\n<li><strong>Pourquoi ne pas avoir mis fin \u00e0 l\u2019accord franco-alg\u00e9rien de 1968 avec un gouvernement FLN qui laisse la porte ouverte aux flux d\u2019immigration officielle ou clandestine&nbsp;?<\/strong><\/li>\n<\/ol>\n\n\n\n<p><strong>Ce que vous pr\u00e9conisez aujourd\u2019hui&nbsp;!<\/strong><\/p>\n\n\n\n<p><strong>Le regroupement familial&nbsp;?<\/strong><\/p>\n\n\n\n<p><strong>Quand Giscard a pris cette mesure en 1976, je me demande s\u2019il avait pris soin de mesurer la comp\u00e9tence culturelle des Pr\u00e9fectures pour savoir o\u00f9 en \u00e9tait l\u2019\u00e9tat civil de l\u2019Afrique noire et la nature des parent\u00e8les qui y existaient&nbsp;!<\/strong><\/p>\n\n\n\n<p><strong>Enfin une question en pointill\u00e9 sur la Libye&nbsp;:<\/strong><\/p>\n\n\n\n<p><strong>Citation&nbsp;: \u00ab&nbsp;On vous reproche beaucoup votre intervention en Libye, qui elle aussi a ouvert les vannes de l\u2019immigration. Fallait-il y aller&nbsp;?<\/strong><\/p>\n\n\n\n<p><strong>Sarkozy d\u00e9fend bien s\u00fbr son intervention en Libye, apr\u00e8s le brillant exercice de communication politique sign\u00e9 C\u00e9cilia.<\/strong><\/p>\n\n\n\n<p><strong>Seul probl\u00e8me, cette intervention s\u2019est effectu\u00e9e dans l\u2019ignorance d\u2019un contexte tribal bien enracin\u00e9 et d\u2019un autre contexte dictatorial des pouvoirs africains.<\/strong><\/p>\n\n\n\n<p><strong>Les armements gigantesques de Kadhafi ont nourri les mouvements d\u2019insurrection djihadistes du Sahara et du Sahel.<\/strong><\/p>\n\n\n\n<p><strong>Ajoutons qu\u2019avec l\u2019article 35 de la Constitution, nos Pr\u00e9sidents peuvent engager une guerre en attendant que les Assembl\u00e9es ne soient appel\u00e9es \u00e0 en d\u00e9cider, quelques mois plus tard, une fois \u00ab&nbsp;les carottes cuites&nbsp;\u00bb&nbsp;!<\/strong><\/p>\n\n\n\n<p><strong>La France, Macron, Darmanin\u2026<\/strong><\/p>\n\n\n\n<p><strong>A lire les propos de Sarkozy, il est \u00e9vident que Macron et Sarkozy partagent les m\u00eames convictions politiques du \u00ab&nbsp;en m\u00eame temps&nbsp;\u00bb, du \u00ab&nbsp;quoiqu\u2019il en co\u00fbte&nbsp;\u00bb politiquement, en labellisant les traitrises qui ont aliment\u00e9 le camp Macron.<\/strong><\/p>\n\n\n\n<p><strong>Les deux \u00ab&nbsp;animaux politiques&nbsp;\u00bb, fan du m\u00eame bling bling politique<\/strong><\/p>\n\n\n\n<p><strong>manifestent la m\u00eame carence en mati\u00e8re de doctrine politique&nbsp;!<\/strong><\/p>\n\n\n\n<p><strong>Le G\u00e9n\u00e9ral est bien loin&nbsp;!<\/strong><\/p>\n\n\n\n<p><strong>Jean Pierre Renaud<\/strong><\/p>\n","protected":false},"excerpt":{"rendered":"<p>Sarkozy, Ukraine, Crim\u00e9e, Libye, Niger, France La longue interview de Nicolas Sarkozy 8 pages dans le Figaro Magazine des 18 et 19 ao\u00fbt 2023 &nbsp;&nbsp;&nbsp;&nbsp;&nbsp;&nbsp;&nbsp;&nbsp;&nbsp;&nbsp;&nbsp; \u00ab&nbsp;&nbsp;\u2026 une interview exclusive dans laquelle il livre quelques v\u00e9rit\u00e9s, sans crainte de bousculer le politiquement correct, sur le conflit russo-ukrainien, l\u2019Alg\u00e9rie et l\u2019immigration. Il revient \u00e9galement sur la politique &hellip; <a href=\"https:\/\/www.eh-tique-media-tique.com\/index.php\/2023\/08\/25\/le-bling-bling-politique\/\" class=\"more-link\">Continuer la lecture<span class=\"screen-reader-text\"> de &laquo;&nbsp;Le Bling-Bling politique\u2026&nbsp;&raquo;<\/span><\/a><\/p>\n","protected":false},"author":1,"featured_media":0,"comment_status":"open","ping_status":"open","sticky":false,"template":"","format":"standard","meta":{"footnotes":""},"categories":[5,4,12],"tags":[280],"class_list":["post-3128","post","type-post","status-publish","format-standard","hentry","category-histoire","category-politique","category-strategie","tag-politique"],"_links":{"self":[{"href":"https:\/\/www.eh-tique-media-tique.com\/index.php\/wp-json\/wp\/v2\/posts\/3128","targetHints":{"allow":["GET"]}}],"collection":[{"href":"https:\/\/www.eh-tique-media-tique.com\/index.php\/wp-json\/wp\/v2\/posts"}],"about":[{"href":"https:\/\/www.eh-tique-media-tique.com\/index.php\/wp-json\/wp\/v2\/types\/post"}],"author":[{"embeddable":true,"href":"https:\/\/www.eh-tique-media-tique.com\/index.php\/wp-json\/wp\/v2\/users\/1"}],"replies":[{"embeddable":true,"href":"https:\/\/www.eh-tique-media-tique.com\/index.php\/wp-json\/wp\/v2\/comments?post=3128"}],"version-history":[{"count":1,"href":"https:\/\/www.eh-tique-media-tique.com\/index.php\/wp-json\/wp\/v2\/posts\/3128\/revisions"}],"predecessor-version":[{"id":3129,"href":"https:\/\/www.eh-tique-media-tique.com\/index.php\/wp-json\/wp\/v2\/posts\/3128\/revisions\/3129"}],"wp:attachment":[{"href":"https:\/\/www.eh-tique-media-tique.com\/index.php\/wp-json\/wp\/v2\/media?parent=3128"}],"wp:term":[{"taxonomy":"category","embeddable":true,"href":"https:\/\/www.eh-tique-media-tique.com\/index.php\/wp-json\/wp\/v2\/categories?post=3128"},{"taxonomy":"post_tag","embeddable":true,"href":"https:\/\/www.eh-tique-media-tique.com\/index.php\/wp-json\/wp\/v2\/tags?post=3128"}],"curies":[{"name":"wp","href":"https:\/\/api.w.org\/{rel}","templated":true}]}}