{"id":3168,"date":"2023-04-28T14:47:26","date_gmt":"2023-04-28T12:47:26","guid":{"rendered":"https:\/\/www.eh-tique-media-tique.com\/?p=3168"},"modified":"2024-01-04T14:49:22","modified_gmt":"2024-01-04T13:49:22","slug":"un-ministre-de-leducation-visible-trop-visible","status":"publish","type":"post","link":"https:\/\/www.eh-tique-media-tique.com\/index.php\/2023\/04\/28\/un-ministre-de-leducation-visible-trop-visible\/","title":{"rendered":"Un Ministre de l\u2019Education \u00ab\u00a0visible\u00a0\u00bb\u00a0? Trop \u00ab\u00a0visible\u00a0\u00bb\u00a0?"},"content":{"rendered":"\n<p><strong>Minorit\u00e9s, discrimination,&nbsp; racisme, la\u00efcit\u00e9, le nouveau panier \u00e0 salade soci\u00e9tale de Monsieur Pap Ndiaye<\/strong><\/p>\n\n\n\n<p><strong>&nbsp;&nbsp;&nbsp;&nbsp;&nbsp;&nbsp;&nbsp;&nbsp;&nbsp;&nbsp;&nbsp; Comme il aime le faire dans la plupart des secteurs des institutions de la R\u00e9publique Fran\u00e7aise, le Pr\u00e9sident actuel a fait le choix d\u2019un ministre au style disruptif, un ministre qui vient de faire irruption dans le domaine tr\u00e8s sensible de la la\u00efcit\u00e9 r\u00e9publicaine.<\/strong><\/p>\n\n\n\n<p><strong>&nbsp;&nbsp;&nbsp;&nbsp;&nbsp;&nbsp;&nbsp;&nbsp;&nbsp;&nbsp;&nbsp; Il s\u2019agit d\u2019un sujet qui m\u2019a toujours concern\u00e9 \u00e0 la fois sur le plan familial, professionnel, et politique, un sujet que j\u2019ai abord\u00e9 et trait\u00e9 sur ce blog \u00e0 de multiples reprises, peu de temps apr\u00e8s sa cr\u00e9ation, le 6 mars 2011, \u00e0 l\u2019occasion de l\u2019interview du ministre actuel par M.Joignot dans le Monde Magazine.<\/strong><\/p>\n\n\n\n<p><strong>&nbsp;&nbsp;&nbsp;&nbsp;&nbsp;&nbsp;&nbsp;&nbsp;&nbsp;&nbsp;&nbsp; Afin de bien comprendre la ou les th\u00e8ses historiques et politiques d\u00e9fendues par l\u2019int\u00e9ress\u00e9, j\u2019avais compl\u00e9t\u00e9 mon information en lisant le livre \u00ab&nbsp;La Condition Noire&nbsp;\u00bb \u00e9dit\u00e9 en 2008, et en publiant une petite chronique de lecture le 16 mai 2011.<\/strong><\/p>\n\n\n\n<p><strong>&nbsp;&nbsp;&nbsp;&nbsp;&nbsp;&nbsp;&nbsp;&nbsp;&nbsp;&nbsp;&nbsp; Vous trouverez le texte des deux chroniques en annexes 1 et 2.<\/strong><\/p>\n\n\n\n<p><strong>&nbsp;&nbsp;&nbsp;&nbsp;&nbsp;&nbsp;&nbsp;&nbsp;&nbsp;&nbsp;&nbsp; Ces jours derniers, Monsieur Pap Ndiaye a d\u00e9fray\u00e9 la chronique politique de notre pays en signant l\u2019arr\u00eat\u00e9 du 13 avril 2023 qui \u00e9largit le champ de comp\u00e9tence du Conseil des Sages de la La\u00efcit\u00e9 \u00e0 \u00ab&nbsp;la lutte contre le racisme et l\u2019antis\u00e9mitisme et toutes les formes de haine et de discriminations&nbsp;\u00bb.<\/strong><\/p>\n\n\n\n<p><strong>&nbsp;&nbsp;&nbsp;&nbsp;&nbsp;&nbsp;&nbsp;&nbsp;&nbsp;&nbsp;&nbsp; Il s\u2019agit bien d\u2019un virage institutionnel, id\u00e9ologique, et politique que ce nouveau ministre vient de faire prendre \u00e0 la R\u00e9publique, pour combien de temps (?), en signant&nbsp; cet arr\u00eat\u00e9 du 13 avril modifiant 1) les comp\u00e9tences du Conseil des Sages de la la\u00efcit\u00e9&nbsp;, 2) sa composition, 3) le r\u00f4le nouveau du ministre dans une nouvelle composition du Conseil des Sages de la la\u00efcit\u00e9, charg\u00e9 cette fois d\u2019assurer la police de sa communication et de sa saisine.<\/strong><\/p>\n\n\n\n<p><strong>&nbsp;&nbsp;&nbsp;&nbsp;&nbsp;&nbsp;&nbsp;&nbsp;&nbsp;&nbsp;&nbsp; Il est \u00e9vident que ces modifications de composition et de comp\u00e9tence&nbsp;mettent en cause le contenu et la mise en application de la loi de 1905 sur la la\u00efcit\u00e9, alors qu\u2019elle fait l\u2019objet d\u00e9j\u00e0 de multiples attaques li\u00e9es \u00e0 la mondialisation, au multiculturalisme, et \u00e0 la pouss\u00e9e islamique dans notre pays. En 2020, la d\u00e9capitation du professeur Paty en fut le malheureux symbole.<\/strong><\/p>\n\n\n\n<p><strong>Les initiatives de ce ministre&nbsp; ne vont certainement pas servir la la\u00efcit\u00e9 de la R\u00e9publique, et m\u00e9ritaient un d\u00e9bat au sein des institutions parlementaires, Assembl\u00e9e Nationale et S\u00e9nat. Ont-elles au moins \u00e9t\u00e9 d\u00e9battues au sein du Parti Renaissance&nbsp;?<\/strong><\/p>\n\n\n\n<p><strong>Fait du Prince&nbsp;? Incontestablement&nbsp;!<\/strong><\/p>\n\n\n\n<p><strong>En 2011, les propos de Monsieur Pap Ndiaye dans une interview du Monde Magazine avaient surpris, la th\u00e8se historique&nbsp; qu\u2019il a d\u00e9velopp\u00e9e dans le livre \u00ab&nbsp;La Condition Noire&nbsp;\u00bb publi\u00e9 en 2008 avaient suscit\u00e9 de la curiosit\u00e9 et de l\u2019int\u00e9r\u00eat, mais elle souffrait \u00e0 mes yeux d\u2019une carence&nbsp; d\u2019analyse des contextes historiques de la France des flux d\u2019immigration, d\u2019un manque de statistiques reconnu par l\u2019int\u00e9ress\u00e9, faute de l\u2019interdiction faite dans notre pays de livrer des statistiques dites ethniques, dont le ministre actuel \u00e9tait partisan\u2026<\/strong><\/p>\n\n\n\n<p><strong>Au lieu de nous lancer dans une nouvelle pol\u00e9mique sur le qui fait quoi d\u2019un ministre de l\u2019Education Nationale, nous devrions l\u2019inviter \u00e0 \u00e9tablir la statistique de la population accueillie dans nos \u00e9tablissements scolaires publics selon leurs origines, leurs lieux de naissance, \u00e9tablissement par \u00e9tablissement, et de voir ce qu\u2019il faudrait changer.<\/strong><\/p>\n\n\n\n<p><strong>Il y a quelques ann\u00e9es, le ministre actuel s\u2019est lanc\u00e9 dans une mission de mesure de la diversit\u00e9 dans une de nos institutions artistiques&nbsp; les plus prestigieuses, l\u2019Op\u00e9ra de Paris.<\/strong><\/p>\n\n\n\n<p><strong>&nbsp;Tr\u00e8s curieuse initiative dans un domaine de l\u2019art, qui par d\u00e9finition, en tout cas en France, use de la plus grande libert\u00e9 de choix.<\/strong><\/p>\n\n\n\n<p><strong>Le ministre pr\u00f4ne la \u00ab&nbsp;diversit\u00e9&nbsp;\u00bb, s\u2019\u00e9l\u00e8ve contre les discriminations, le Pr\u00e9sident l\u2019a nomm\u00e9 \u00e0 un poste de choix pour en faire la mesure, mais qu\u2019il ne se m\u00eale pas de tout m\u00e9langer, la\u00efcit\u00e9, racisme, ou antis\u00e9mitisme.<\/strong><\/p>\n\n\n\n<p><strong>Revenons au pays de Descartes et de la Raison&nbsp;!<\/strong><\/p>\n\n\n\n<p><strong>Revenons aussi sur les contextes historiques d\u2019une France qui ne commen\u00e7a \u00e0 faire la connaissance du monde noir qu\u2019\u00e0 partir des ann\u00e9es 1980-1990, avec les flux migratoires venus d\u2019Afrique&nbsp; noire, caus\u00e9s en partie par l\u2019explosion d\u00e9mographique de ces pays dans l\u2019incapacit\u00e9 d\u2019offre un avenir \u00e0 leur jeunesse.&nbsp; Avant les ind\u00e9pendances, la France n\u2019avait, contrairement \u00e0 ce que raconte Pascal Blanchard et ses amis, qu\u2019une connaissance tr\u00e8s livresque des mondes noirs.<\/strong><\/p>\n\n\n\n<p><strong>L\u2019immigration noire, gr\u00e2ce \u00e0 une meilleure sant\u00e9 publique locale&nbsp; a fait un bond \u00e0 la fin du si\u00e8cle sans qu\u2019elle soit officiellement mesur\u00e9e pour des raisons d\u2019hypocrisie politique bien fran\u00e7aise.<br>&nbsp;&nbsp;&nbsp;&nbsp;&nbsp;&nbsp;&nbsp;&nbsp;&nbsp;&nbsp;&nbsp; Dans les ann\u00e9es 60, on voyait des noirs dans les grandes villes universitaires, ou dans les grandes m\u00e9tropoles, mais pas dans nos chefs-lieux de d\u00e9partement, \u00e0 Montb\u00e9liard, ou au Mans\u2026<\/strong><\/p>\n\n\n\n<p><strong>Les questions de \u00ab&nbsp;diversit\u00e9&nbsp;\u00bb ne se posaient pas.<\/strong><\/p>\n\n\n\n<p><strong>Dans de telles conditions historiques, le d\u00e9bat ouvert par Monsieur Ndiaye sur la condition des Noirs dans notre pays, confront\u00e9s au \u00ab&nbsp;paradoxe identitaire&nbsp;\u00bb \u00e9nonc\u00e9 par l\u2019int\u00e9ress\u00e9 ne se posait pas, vouloir \u00eatre \u00e0 la fois \u00ab&nbsp;visible&nbsp;\u00bb politiquement et \u00ab&nbsp;invisible \u00ab&nbsp;socialement&nbsp;\u00bb ne se posait pas.<\/strong><\/p>\n\n\n\n<p><strong>L\u2019auteur parle de \u00ab&nbsp;paradoxe minoritaire&nbsp;\u00bb<\/strong><\/p>\n\n\n\n<p><strong>L\u2019auteur \u00e9crit&nbsp;:&nbsp;\u00ab&nbsp; voulant \u00eatre invisibles du point de vue de notre vie sociale\u2026Mais nous voulons \u00eatre visibles du point de vue de nos identit\u00e9s culturelles noires, de nos apports pr\u00e9cieux \u00e0 la soci\u00e9t\u00e9 et \u00e0 la culture fran\u00e7aise.&nbsp;\u00bb (page 361)&nbsp;<\/strong><\/p>\n\n\n\n<p><strong>Avec les pol\u00e9miques que ce ministre vient&nbsp; d\u2019enclencher sur l\u2019ensemble de&nbsp;ces sujets sensibles\u00bb, il a au moins l\u2019assurance d\u2019\u00eatre visible, peut-\u00eatre trop\u2026<\/strong><\/p>\n\n\n\n<p><strong>Avec les pol\u00e9miques que ce ministre vient&nbsp; d\u2019enclencher sur l\u2019ensemble de&nbsp;ces sujets sensibles\u00bb, il a au moins l\u2019assurance d\u2019\u00eatre \u00ab&nbsp;visible&nbsp;\u00bb, peut-\u00eatre trop\u2026<\/strong><\/p>\n\n\n\n<p><strong>Un mot enfin sur une autre d\u00e9cision de ce ministre, demander \u00e0 l\u2019enseignement priv\u00e9 de faire de la mixit\u00e9 sociale, vaste et \u00e9pineux sujet, compte tenu d\u2019au moins deux facteurs, son historique fran\u00e7ais et la complexit\u00e9 du contenu de l\u2019expression \u00ab&nbsp;mixit\u00e9 sociale&nbsp;\u00bb, dans le cas d\u2019un ministre qui en a l\u2019exp\u00e9rience concr\u00e8te.<\/strong><\/p>\n\n\n\n<p><strong>&nbsp;&nbsp;&nbsp;&nbsp;&nbsp; Jean Pierre&nbsp; Renaud&nbsp;&nbsp;&nbsp;&nbsp;&nbsp;&nbsp;&nbsp;&nbsp;&nbsp;&nbsp;&nbsp;&nbsp;&nbsp;&nbsp;&nbsp;&nbsp;&nbsp;&nbsp;&nbsp;&nbsp;&nbsp;&nbsp;&nbsp;&nbsp;&nbsp;&nbsp;&nbsp;&nbsp;&nbsp;&nbsp;&nbsp;&nbsp;&nbsp; Tous droits r\u00e9serv\u00e9s<\/strong><\/p>\n","protected":false},"excerpt":{"rendered":"<p>Minorit\u00e9s, discrimination,&nbsp; racisme, la\u00efcit\u00e9, le nouveau panier \u00e0 salade soci\u00e9tale de Monsieur Pap Ndiaye &nbsp;&nbsp;&nbsp;&nbsp;&nbsp;&nbsp;&nbsp;&nbsp;&nbsp;&nbsp;&nbsp; Comme il aime le faire dans la plupart des secteurs des institutions de la R\u00e9publique Fran\u00e7aise, le Pr\u00e9sident actuel a fait le choix d\u2019un ministre au style disruptif, un ministre qui vient de faire irruption dans le domaine tr\u00e8s sensible &hellip; <a href=\"https:\/\/www.eh-tique-media-tique.com\/index.php\/2023\/04\/28\/un-ministre-de-leducation-visible-trop-visible\/\" class=\"more-link\">Continuer la lecture<span class=\"screen-reader-text\"> de &laquo;&nbsp;Un Ministre de l\u2019Education \u00ab\u00a0visible\u00a0\u00bb\u00a0? Trop \u00ab\u00a0visible\u00a0\u00bb\u00a0?&nbsp;&raquo;<\/span><\/a><\/p>\n","protected":false},"author":1,"featured_media":0,"comment_status":"closed","ping_status":"open","sticky":false,"template":"","format":"standard","meta":{"footnotes":""},"categories":[2,7,5,10,4],"tags":[280],"class_list":["post-3168","post","type-post","status-publish","format-standard","hentry","category-actualites","category-communication","category-histoire","category-immigration","category-politique","tag-politique"],"_links":{"self":[{"href":"https:\/\/www.eh-tique-media-tique.com\/index.php\/wp-json\/wp\/v2\/posts\/3168","targetHints":{"allow":["GET"]}}],"collection":[{"href":"https:\/\/www.eh-tique-media-tique.com\/index.php\/wp-json\/wp\/v2\/posts"}],"about":[{"href":"https:\/\/www.eh-tique-media-tique.com\/index.php\/wp-json\/wp\/v2\/types\/post"}],"author":[{"embeddable":true,"href":"https:\/\/www.eh-tique-media-tique.com\/index.php\/wp-json\/wp\/v2\/users\/1"}],"replies":[{"embeddable":true,"href":"https:\/\/www.eh-tique-media-tique.com\/index.php\/wp-json\/wp\/v2\/comments?post=3168"}],"version-history":[{"count":1,"href":"https:\/\/www.eh-tique-media-tique.com\/index.php\/wp-json\/wp\/v2\/posts\/3168\/revisions"}],"predecessor-version":[{"id":3169,"href":"https:\/\/www.eh-tique-media-tique.com\/index.php\/wp-json\/wp\/v2\/posts\/3168\/revisions\/3169"}],"wp:attachment":[{"href":"https:\/\/www.eh-tique-media-tique.com\/index.php\/wp-json\/wp\/v2\/media?parent=3168"}],"wp:term":[{"taxonomy":"category","embeddable":true,"href":"https:\/\/www.eh-tique-media-tique.com\/index.php\/wp-json\/wp\/v2\/categories?post=3168"},{"taxonomy":"post_tag","embeddable":true,"href":"https:\/\/www.eh-tique-media-tique.com\/index.php\/wp-json\/wp\/v2\/tags?post=3168"}],"curies":[{"name":"wp","href":"https:\/\/api.w.org\/{rel}","templated":true}]}}