{"id":3193,"date":"2023-03-06T15:05:08","date_gmt":"2023-03-06T14:05:08","guid":{"rendered":"https:\/\/www.eh-tique-media-tique.com\/?p=3193"},"modified":"2024-01-04T15:06:29","modified_gmt":"2024-01-04T14:06:29","slug":"au-coeur-des-tenebres-de-lelysee","status":"publish","type":"post","link":"https:\/\/www.eh-tique-media-tique.com\/index.php\/2023\/03\/06\/au-coeur-des-tenebres-de-lelysee\/","title":{"rendered":"\u00ab\u00a0Au c\u0153ur des T\u00e9n\u00e8bres de l\u2019Elys\u00e9e\u00a0\u00bb,"},"content":{"rendered":"\n<p><strong>le titre qui a ma pr\u00e9f\u00e9rence&nbsp;!<\/strong><\/p>\n\n\n\n<p><strong>\u00ab&nbsp;Sisyphe au Congo&nbsp;\u00bb<\/strong><\/p>\n\n\n\n<p><strong>Le titre de l\u2019\u00e9ditorial de Pierre G\u00e9lie du 1<sup>er<\/sup>&nbsp;mars 2023 avec en premi\u00e8re page du Figaro<\/strong><\/p>\n\n\n\n<p><strong>\u00ab&nbsp;Macron veut&nbsp;&nbsp; r\u00e9concilier la France avec l\u2019Afrique&nbsp;\u00bb<\/strong><\/p>\n\n\n\n<p><strong>Pourquoi cette r\u00e9f\u00e9rence au livre de Joseph Conrad \u00ab&nbsp; Au c\u0153ur des t\u00e9n\u00e8bres&nbsp;\u00bb (1925)&nbsp;?<\/strong><\/p>\n\n\n\n<p><strong>Pour la raison \u00ab&nbsp;capitale&nbsp;\u00bb que le c\u0153ur de notre sujet n\u2019est pas&nbsp; au c\u0153ur de la for\u00eat \u00e9quatoriale du Gabon, et donc la solution, mais au c\u0153ur de l\u2019\u00c9lys\u00e9e, surtout depuis l\u2019\u00e9lection de Monsieur Macron.<\/strong><\/p>\n\n\n\n<p><strong>Pour ceux ou celles qui connaissent un peu les probl\u00e8mes de l\u2019Afrique coloniale, mais surtout de la Fran\u00e7afrique postcoloniale, il est tout \u00e0 fait curieux d\u2019entendre un Pr\u00e9sident d\u00e9barquer au Gabon de Bongo, puis au Congo de Sessou Nguesso, surtout le Gabon, deux des anciennes colonies qui se sont illustr\u00e9es&nbsp; dans le financement des partis politiques fran\u00e7ais, des Chirac et des Mitterrand, en d\u00e9clarant: \u00ab\u00a0L&rsquo;\u00e2ge de la Fran\u00e7afrique est r\u00e9volu\u00a0\u00bb..<\/strong><\/p>\n\n\n\n<p><strong>&nbsp;&nbsp;&nbsp;&nbsp;&nbsp;&nbsp;&nbsp;&nbsp;&nbsp;&nbsp;&nbsp; Macron s\u2019est plac\u00e9 en complet porte-\u00e0-faux de la politique fran\u00e7aise en Afrique, en se faisant \u00e9lire apr\u00e8s avoir d\u00e9clar\u00e9 haut et fort \u00e0 Alger en 2016 que \u00ab&nbsp;la colonisation est un crime contre l\u2019humanit\u00e9&nbsp;\u00bb, et en continuant depuis 2017 \u00e0 faire de la Fran\u00e7afrique, tout en le disant ou sans le dire\u2026<\/strong><\/p>\n\n\n\n<p><strong>&nbsp;A&nbsp; s\u2019entourer de conseillers qui militent pour une repentance, en le disant ou sans le dire, qui truquent purement et simplement notre pass\u00e9 colonial, \u00e0 laisser filer, sans contradiction, tous les discours tendancieux sur ce pass\u00e9 qui aboutissent, pour le moment, esp\u00e9rons-le, \u00e0 alimenter des courants politiques anti-fran\u00e7ais en m\u00e9tropole ou outre-mer.<\/strong><\/p>\n\n\n\n<p><strong>&nbsp;&nbsp;&nbsp;&nbsp;&nbsp;&nbsp;&nbsp;&nbsp;&nbsp;&nbsp;&nbsp; A titre d\u2019exemples, &#8211; L\u2019historien Stora, le sp\u00e9cialiste de l\u2019Alg\u00e9rie, tend en permanence la main au FLN et d\u00e9fend une th\u00e8se historique sur une m\u00e9moire coloniale jamais mesur\u00e9e, en confondant l\u2019alg\u00e9rienne et la coloniale,<\/strong><\/p>\n\n\n\n<p><strong>L\u2019\u00e9quipe de l\u2019historien Blanchard s\u2019est empar\u00e9e d\u2019un fonds de commerce d\u2019images coloniales universitaire sans avoir d\u00e9montr\u00e9 les effets de ces images \u00e0 leur \u00e9poque de diffusion, notamment dans la presse, le seul barom\u00e8tre utilisable \u00e0 l\u2019\u00e9poque.<\/strong><\/p>\n\n\n\n<p><strong>&nbsp;&nbsp;&nbsp;&nbsp;&nbsp;&nbsp;&nbsp;&nbsp;&nbsp;&nbsp;&nbsp; Il n\u2019est donc pas&nbsp; trop difficile pour certains africains qui traditionnellement, savent beaucoup mieux que les Fran\u00e7ais manier le verbe, en fid\u00e8les h\u00e9ritiers des griots&nbsp;, de puiser dans ces fausses richesses manipul\u00e9es par des groupes de pression politiques en qu\u00eate d\u2019\u00e9lecteurs, \u00e0 l\u2019exemple du Pr\u00e9sident actuel.<\/strong><\/p>\n\n\n\n<p><strong>&nbsp;&nbsp;&nbsp;&nbsp;&nbsp;&nbsp;&nbsp;&nbsp;&nbsp;&nbsp;&nbsp; A la casse les \u0153uvres et t\u00e9moignages d\u2019africains tel que le grand sage et \u00e9crivain Hamp\u00e2t\u00e9 Ba qui reconnaissait que la colonisation avait ses ombres et ses lumi\u00e8res, et que les Blancs avaient aussi servi l\u2019Afrique, enseignants, m\u00e9decins, ing\u00e9nieurs, religieux \u2026<\/strong><\/p>\n\n\n\n<p><strong>Macron d\u00e9barque au Gabon dans son gros avion et oublie de saluer la m\u00e9moire d\u2019un m\u00e9decin c\u00e9l\u00e8bre, le docteur Schweitzer, \u00e0 Lambar\u00e9n\u00e9, en 1913, sur l\u2019Ogou\u00e9, alors que sans m\u00e9decine tropicale, il n\u2019y avait pas d\u2019avenir pour l\u2019Afrique.<\/strong><\/p>\n\n\n\n<p><strong>Les femmes blanches ne vinrent en Afrique que tardivement, compte tenu des maladies tropicales qui y s\u00e9vissaient.<\/strong><\/p>\n\n\n\n<p><strong>Sans une certaine colonisation positive, la d\u00e9mographie africaine n\u2019aurait pas fait alors le bond colossal que l\u2019on constate aujourd\u2019hui, ne serait-ce qu\u2019avec les flux migratoires venus d\u2019Afrique.<\/strong><\/p>\n\n\n\n<p><strong>Plut\u00f4t qu\u2019&nbsp;\u00ab au c\u0153ur des t\u00e9n\u00e8bres&nbsp;\u00bb, il faut aller au c\u0153ur de l\u2019Elys\u00e9e&nbsp;!<\/strong><\/p>\n\n\n\n<p><strong>Les Pr\u00e9sidents de la R\u00e9publique de la Cinqui\u00e8me ont trop de pouvoirs et sont au c\u0153ur du probl\u00e8me, exorbitants encore plus depuis 2008 avec Sarkozy qui a permis \u00e0 Fran\u00e7ais Hollande d\u2019envoyer les Mirages au Mali en 2013, sans que l\u2019Assembl\u00e9e Nationale n\u2019ait eu son mot \u00e0 dire, sauf trois mois plus tard, une fois la guerre d\u00e9clar\u00e9e.<\/strong><\/p>\n\n\n\n<p><strong>Imaginez qu\u2019un de nos Pr\u00e9sidents ou Pr\u00e9sidentes puissent d\u00e9cider du feu nucl\u00e9aire dans de telles conditions&nbsp;? Une folie pure et simple&nbsp;!<\/strong><\/p>\n\n\n\n<p><strong>Tout \u00e7a pour \u00e7a&nbsp;! Comme me le confie un de mes vieux amis, ancien&nbsp; diplomate en Afrique, \u00ab&nbsp;tout cela ne sert \u00e0 rien&nbsp;!&nbsp;\u00bb<\/strong><\/p>\n\n\n\n<p><strong>&nbsp;&nbsp;&nbsp;&nbsp;&nbsp;&nbsp;&nbsp;&nbsp;&nbsp;&nbsp;&nbsp; Ultime question, la nouvelle Fran\u00e7afrique de Macron ne nicherait-elle pas aujourd\u2019hui dans l\u2019accord du 21\/12\/2019 qui garantit aux pays de la CDEAO une parit\u00e9 de leur monnaie avec l\u2019euro, la France \u00e9tant \u00ab&nbsp;le garant financier de&nbsp;\u00bb de l\u2019UEMOA&nbsp;? La France toujours \u00ab&nbsp;garante financi\u00e8re&nbsp;\u00bb du Mali et du Burkina-Fasso&nbsp;?<\/strong><\/p>\n\n\n\n<p><strong>&nbsp;&nbsp;&nbsp;&nbsp;&nbsp;&nbsp;&nbsp;&nbsp;&nbsp;&nbsp;&nbsp; Jean Pierre Renaud&nbsp;&nbsp;&nbsp;&nbsp;&nbsp;&nbsp;&nbsp;&nbsp;&nbsp;&nbsp;&nbsp;&nbsp;&nbsp;&nbsp;&nbsp; Tous droits r\u00e9serv\u00e9s<\/strong><\/p>\n","protected":false},"excerpt":{"rendered":"<p>le titre qui a ma pr\u00e9f\u00e9rence&nbsp;! \u00ab&nbsp;Sisyphe au Congo&nbsp;\u00bb Le titre de l\u2019\u00e9ditorial de Pierre G\u00e9lie du 1er&nbsp;mars 2023 avec en premi\u00e8re page du Figaro \u00ab&nbsp;Macron veut&nbsp;&nbsp; r\u00e9concilier la France avec l\u2019Afrique&nbsp;\u00bb Pourquoi cette r\u00e9f\u00e9rence au livre de Joseph Conrad \u00ab&nbsp; Au c\u0153ur des t\u00e9n\u00e8bres&nbsp;\u00bb (1925)&nbsp;? Pour la raison \u00ab&nbsp;capitale&nbsp;\u00bb que le c\u0153ur de notre &hellip; <a href=\"https:\/\/www.eh-tique-media-tique.com\/index.php\/2023\/03\/06\/au-coeur-des-tenebres-de-lelysee\/\" class=\"more-link\">Continuer la lecture<span class=\"screen-reader-text\"> de &laquo;&nbsp;\u00ab\u00a0Au c\u0153ur des T\u00e9n\u00e8bres de l\u2019Elys\u00e9e\u00a0\u00bb,&nbsp;&raquo;<\/span><\/a><\/p>\n","protected":false},"author":1,"featured_media":0,"comment_status":"open","ping_status":"open","sticky":false,"template":"","format":"standard","meta":{"footnotes":""},"categories":[2,8,3080,7,6,5,10,4],"tags":[249,236,270,280],"class_list":["post-3193","post","type-post","status-publish","format-standard","hentry","category-actualites","category-colonies","category-colonisation-politique-algerie","category-communication","category-culture","category-histoire","category-immigration","category-politique","tag-afrique","tag-algerie","tag-france","tag-politique"],"_links":{"self":[{"href":"https:\/\/www.eh-tique-media-tique.com\/index.php\/wp-json\/wp\/v2\/posts\/3193","targetHints":{"allow":["GET"]}}],"collection":[{"href":"https:\/\/www.eh-tique-media-tique.com\/index.php\/wp-json\/wp\/v2\/posts"}],"about":[{"href":"https:\/\/www.eh-tique-media-tique.com\/index.php\/wp-json\/wp\/v2\/types\/post"}],"author":[{"embeddable":true,"href":"https:\/\/www.eh-tique-media-tique.com\/index.php\/wp-json\/wp\/v2\/users\/1"}],"replies":[{"embeddable":true,"href":"https:\/\/www.eh-tique-media-tique.com\/index.php\/wp-json\/wp\/v2\/comments?post=3193"}],"version-history":[{"count":1,"href":"https:\/\/www.eh-tique-media-tique.com\/index.php\/wp-json\/wp\/v2\/posts\/3193\/revisions"}],"predecessor-version":[{"id":3194,"href":"https:\/\/www.eh-tique-media-tique.com\/index.php\/wp-json\/wp\/v2\/posts\/3193\/revisions\/3194"}],"wp:attachment":[{"href":"https:\/\/www.eh-tique-media-tique.com\/index.php\/wp-json\/wp\/v2\/media?parent=3193"}],"wp:term":[{"taxonomy":"category","embeddable":true,"href":"https:\/\/www.eh-tique-media-tique.com\/index.php\/wp-json\/wp\/v2\/categories?post=3193"},{"taxonomy":"post_tag","embeddable":true,"href":"https:\/\/www.eh-tique-media-tique.com\/index.php\/wp-json\/wp\/v2\/tags?post=3193"}],"curies":[{"name":"wp","href":"https:\/\/api.w.org\/{rel}","templated":true}]}}