{"id":3251,"date":"2022-10-14T15:56:00","date_gmt":"2022-10-14T13:56:00","guid":{"rendered":"https:\/\/www.eh-tique-media-tique.com\/?p=3251"},"modified":"2024-01-04T15:57:23","modified_gmt":"2024-01-04T14:57:23","slug":"les-contradictions-de-madagascar","status":"publish","type":"post","link":"https:\/\/www.eh-tique-media-tique.com\/index.php\/2022\/10\/14\/les-contradictions-de-madagascar\/","title":{"rendered":"Les Contradictions de Madagascar\u00a0!"},"content":{"rendered":"\n<p><strong>Famine au Sud et Iles \u00c9parses ?<\/strong><\/p>\n\n\n\n<p><strong>Le Chef de l\u2019\u00c9tat va se balader sur la plan\u00e8te en multipliant images et promesses.<\/strong><\/p>\n\n\n\n<p><strong>Il se rend \u00e0 l\u2019Assembl\u00e9e G\u00e9n\u00e9rale de l\u2019ONU pour plaider le retour des Iles \u00c9parses dans les Eaux Malgaches.<\/strong><\/p>\n\n\n\n<p><strong>Pourquoi pas&nbsp;? Sauf qu\u2019il n\u2019aura pas les moyens de les g\u00e9rer&nbsp;!<\/strong><\/p>\n\n\n\n<p><strong>Son gouvernement a manifest\u00e9, et cela continue, une incurie manifeste pour venir au secours des habitants du Sud et lutter contre la famine.<\/strong><\/p>\n\n\n\n<p><strong>Comme d\u2019habitude, il fait appel \u00e0 l\u2019\u00e9tranger, au PAM, le Programme Alimentaire Mondial, une v\u00e9ritable institution dans la Grande Ile.<\/strong><\/p>\n\n\n\n<p><strong>Souvenir ancien de voyage&nbsp;: dans le&nbsp; Sud, r\u00e9gion de Fort Dauphin, le repr\u00e9sentant PAM, vivait dans une r\u00e9sidence qui valait bien celle des administrateurs de la France d\u2019Outre Mer du temps jadis.<\/strong><\/p>\n\n\n\n<p><strong>Alors que le pays dispose de r\u00e9elles richesses, la premi\u00e8re \u00e9tant celle de ses habitants&nbsp;!<\/strong><\/p>\n\n\n\n<p><strong>Jean Pierre Renaud&nbsp;&nbsp; Tous droits r\u00e9serv\u00e9s<\/strong><\/p>\n","protected":false},"excerpt":{"rendered":"<p>Famine au Sud et Iles \u00c9parses ? Le Chef de l\u2019\u00c9tat va se balader sur la plan\u00e8te en multipliant images et promesses. Il se rend \u00e0 l\u2019Assembl\u00e9e G\u00e9n\u00e9rale de l\u2019ONU pour plaider le retour des Iles \u00c9parses dans les Eaux Malgaches. Pourquoi pas&nbsp;? Sauf qu\u2019il n\u2019aura pas les moyens de les g\u00e9rer&nbsp;! Son gouvernement a &hellip; <a href=\"https:\/\/www.eh-tique-media-tique.com\/index.php\/2022\/10\/14\/les-contradictions-de-madagascar\/\" class=\"more-link\">Continuer la lecture<span class=\"screen-reader-text\"> de &laquo;&nbsp;Les Contradictions de Madagascar\u00a0!&nbsp;&raquo;<\/span><\/a><\/p>\n","protected":false},"author":1,"featured_media":0,"comment_status":"open","ping_status":"open","sticky":false,"template":"","format":"standard","meta":{"footnotes":""},"categories":[2,8,7,6,5,4],"tags":[273,313,280],"class_list":["post-3251","post","type-post","status-publish","format-standard","hentry","category-actualites","category-colonies","category-communication","category-culture","category-histoire","category-politique","tag-colonies","tag-madagascar","tag-politique"],"_links":{"self":[{"href":"https:\/\/www.eh-tique-media-tique.com\/index.php\/wp-json\/wp\/v2\/posts\/3251","targetHints":{"allow":["GET"]}}],"collection":[{"href":"https:\/\/www.eh-tique-media-tique.com\/index.php\/wp-json\/wp\/v2\/posts"}],"about":[{"href":"https:\/\/www.eh-tique-media-tique.com\/index.php\/wp-json\/wp\/v2\/types\/post"}],"author":[{"embeddable":true,"href":"https:\/\/www.eh-tique-media-tique.com\/index.php\/wp-json\/wp\/v2\/users\/1"}],"replies":[{"embeddable":true,"href":"https:\/\/www.eh-tique-media-tique.com\/index.php\/wp-json\/wp\/v2\/comments?post=3251"}],"version-history":[{"count":1,"href":"https:\/\/www.eh-tique-media-tique.com\/index.php\/wp-json\/wp\/v2\/posts\/3251\/revisions"}],"predecessor-version":[{"id":3252,"href":"https:\/\/www.eh-tique-media-tique.com\/index.php\/wp-json\/wp\/v2\/posts\/3251\/revisions\/3252"}],"wp:attachment":[{"href":"https:\/\/www.eh-tique-media-tique.com\/index.php\/wp-json\/wp\/v2\/media?parent=3251"}],"wp:term":[{"taxonomy":"category","embeddable":true,"href":"https:\/\/www.eh-tique-media-tique.com\/index.php\/wp-json\/wp\/v2\/categories?post=3251"},{"taxonomy":"post_tag","embeddable":true,"href":"https:\/\/www.eh-tique-media-tique.com\/index.php\/wp-json\/wp\/v2\/tags?post=3251"}],"curies":[{"name":"wp","href":"https:\/\/api.w.org\/{rel}","templated":true}]}}