{"id":3253,"date":"2022-10-13T15:57:00","date_gmt":"2022-10-13T13:57:00","guid":{"rendered":"https:\/\/www.eh-tique-media-tique.com\/?p=3253"},"modified":"2024-01-04T15:58:28","modified_gmt":"2024-01-04T14:58:28","slug":"le-centrisme-serait-il-obsolete","status":"publish","type":"post","link":"https:\/\/www.eh-tique-media-tique.com\/index.php\/2022\/10\/13\/le-centrisme-serait-il-obsolete\/","title":{"rendered":"Le Centrisme serait-il obsol\u00e8te\u00a0?"},"content":{"rendered":"\n<p><strong>Bayrou, candidat en 2027 ou Non&nbsp;? ils ne pensent tous qu\u2019\u00e0 \u00e7a&nbsp;!<\/strong><\/p>\n\n\n\n<p><strong>On se demande bien pourquoi.<\/strong><\/p>\n\n\n\n<p><strong>Bayrou, Politicien madr\u00e9&nbsp;? Oracle des Pyr\u00e9n\u00e9es&nbsp;?<\/strong><\/p>\n\n\n\n<p><strong>\u00ab&nbsp;On ne sait pas ce qu\u2019il peut se passer&nbsp;\u00bb aurait-il dit&nbsp;!<\/strong><\/p>\n\n\n\n<p><strong>A titre personnel, je pense qu\u2019avec le ras-le bol des Fran\u00e7ais, la chienlit dans tout le pays, ce gouvernement ne fera pas long feu.<\/strong><\/p>\n\n\n\n<p><strong>Gare \u00e0 la derni\u00e8re goutte de carburant qui risque de faire d\u00e9border le vase&nbsp;!&nbsp;<\/strong><\/p>\n\n\n\n<p><strong>&amp;<\/strong><\/p>\n\n\n\n<p><strong>Macron et Bayrou auraient mang\u00e9 des palombes \u00e0 Pau\u2026 Qui a mang\u00e9 l\u2019autre&nbsp;?<\/strong><\/p>\n\n\n\n<p><strong>&nbsp;&nbsp;&nbsp;&nbsp;&nbsp;&nbsp;&nbsp;&nbsp;&nbsp;&nbsp;&nbsp; Sous la Quatri\u00e8me R\u00e9publique, et dans un r\u00e9gime parlementaire, le centrisme \u00e9tait \u00e0 la f\u00eate. Les diff\u00e9rents courants du centre faisaient et d\u00e9faisaient les gouvernements \u00e0 un rythme rapide, moins rapide toutefois que sous la Troisi\u00e8me R\u00e9publique.<\/strong><\/p>\n\n\n\n<p><strong>&nbsp;&nbsp;&nbsp;&nbsp;&nbsp;&nbsp;&nbsp;&nbsp;&nbsp;&nbsp;&nbsp; Le Parti Radical, sous toutes ses \u00ab&nbsp;incarnations&nbsp;\u00bb,&nbsp; y jouait un r\u00f4le cl\u00e9 de faiseur de rois.<\/strong><\/p>\n\n\n\n<p><strong>&nbsp;&nbsp;&nbsp;&nbsp;&nbsp;&nbsp;&nbsp;&nbsp;&nbsp;&nbsp;&nbsp; Avec de Gaulle et l\u2019\u00e9lection d\u2019un Pr\u00e9sident de la R\u00e9publique au suffrage universel, tout a chang\u00e9, et les formations centristes n\u2019ont pu mieux faire que de peser \u00e0 la marge, de servir d\u2019appoint, d\u2019endosser une fonction suppl\u00e9tive des gauches ou droites de gouvernement.<\/strong><\/p>\n\n\n\n<p><strong>En d\u00e9pit de ses d\u00e9clarations, et tout au long de sa longue carri\u00e8re, Bayrou, n\u2019a jou\u00e9 effectivement qu\u2019un r\u00f4le \u00ab&nbsp;suppl\u00e9tif&nbsp;\u00bb.<\/strong><\/p>\n\n\n\n<p><strong>Quel est son bilan politique&nbsp;? Il serait blanc comme neige dans la chienlit du pays&nbsp;? Agressions, meurtres, coups de couteau, violences, appels au meurtre\u2026 dans beaucoup de nos villes et villages&nbsp;: l\u2019ins\u00e9curit\u00e9 presque partout&nbsp;!&nbsp;<\/strong><\/p>\n\n\n\n<p><strong>Peut-il \u00eatre fier de son ralliement de suppl\u00e9tif \u00e0 Macron en 2017 et en 2022&nbsp;? Rien n\u2019est moins s\u00fbr&nbsp;!<\/strong><\/p>\n\n\n\n<p><strong>Avec la Cinqui\u00e8me, le centrisme n\u2019a jamais jou\u00e9 qu\u2019un r\u00f4le secondaire. &nbsp;<\/strong><\/p>\n\n\n\n<p><strong>C\u2019est gr\u00e2ce au Modem que Macron a pu \u00eatre \u00e9lu en 2017, gr\u00e2ce \u00e0 un r\u00e9seau d\u2019\u00e9lus locaux &nbsp;utile pour lui donner un cr\u00e9dit d\u00e9mocratique.<\/strong><\/p>\n\n\n\n<p><strong>Au fur et \u00e0 mesure des ann\u00e9es de mondialisation, et d\u2019immigration non contr\u00f4l\u00e9e, le corps \u00e9lectoral a chang\u00e9 de&nbsp; nature, s\u2019est radicalis\u00e9 vers la droite, d\u2019autant plus que les relations avec l\u2019Union Europ\u00e9enne sont devenues de plus en plus compliqu\u00e9es, confuses, au point qu\u2019il est quasiment impossible de savoir qui prend une&nbsp; d\u00e9cision.<\/strong><\/p>\n\n\n\n<p><strong>Cette \u00e9volution a entrain\u00e9 une sorte de vide politique favorable aux courants politiques qui militent pour un retour aux racines.<\/strong><\/p>\n\n\n\n<p><strong>Dans l\u2019\u00e9tat actuel de nos institutions, c\u2019est un r\u00f4le \u00ab&nbsp;suppl\u00e9tif&nbsp;\u00bb qui est assign\u00e9 au centrisme.<\/strong><\/p>\n\n\n\n<p><strong>&nbsp;&nbsp;&nbsp;&nbsp;&nbsp;&nbsp;&nbsp;&nbsp;&nbsp; Jean Pierre Renaud&nbsp;&nbsp;&nbsp; Tous droits&nbsp; r\u00e9serv\u00e9s<\/strong><\/p>\n","protected":false},"excerpt":{"rendered":"<p>Bayrou, candidat en 2027 ou Non&nbsp;? ils ne pensent tous qu\u2019\u00e0 \u00e7a&nbsp;! On se demande bien pourquoi. Bayrou, Politicien madr\u00e9&nbsp;? Oracle des Pyr\u00e9n\u00e9es&nbsp;? \u00ab&nbsp;On ne sait pas ce qu\u2019il peut se passer&nbsp;\u00bb aurait-il dit&nbsp;! A titre personnel, je pense qu\u2019avec le ras-le bol des Fran\u00e7ais, la chienlit dans tout le pays, ce gouvernement ne fera &hellip; <a href=\"https:\/\/www.eh-tique-media-tique.com\/index.php\/2022\/10\/13\/le-centrisme-serait-il-obsolete\/\" class=\"more-link\">Continuer la lecture<span class=\"screen-reader-text\"> de &laquo;&nbsp;Le Centrisme serait-il obsol\u00e8te\u00a0?&nbsp;&raquo;<\/span><\/a><\/p>\n","protected":false},"author":1,"featured_media":0,"comment_status":"open","ping_status":"open","sticky":false,"template":"","format":"standard","meta":{"footnotes":""},"categories":[2,7,5,4],"tags":[270,280],"class_list":["post-3253","post","type-post","status-publish","format-standard","hentry","category-actualites","category-communication","category-histoire","category-politique","tag-france","tag-politique"],"_links":{"self":[{"href":"https:\/\/www.eh-tique-media-tique.com\/index.php\/wp-json\/wp\/v2\/posts\/3253","targetHints":{"allow":["GET"]}}],"collection":[{"href":"https:\/\/www.eh-tique-media-tique.com\/index.php\/wp-json\/wp\/v2\/posts"}],"about":[{"href":"https:\/\/www.eh-tique-media-tique.com\/index.php\/wp-json\/wp\/v2\/types\/post"}],"author":[{"embeddable":true,"href":"https:\/\/www.eh-tique-media-tique.com\/index.php\/wp-json\/wp\/v2\/users\/1"}],"replies":[{"embeddable":true,"href":"https:\/\/www.eh-tique-media-tique.com\/index.php\/wp-json\/wp\/v2\/comments?post=3253"}],"version-history":[{"count":1,"href":"https:\/\/www.eh-tique-media-tique.com\/index.php\/wp-json\/wp\/v2\/posts\/3253\/revisions"}],"predecessor-version":[{"id":3254,"href":"https:\/\/www.eh-tique-media-tique.com\/index.php\/wp-json\/wp\/v2\/posts\/3253\/revisions\/3254"}],"wp:attachment":[{"href":"https:\/\/www.eh-tique-media-tique.com\/index.php\/wp-json\/wp\/v2\/media?parent=3253"}],"wp:term":[{"taxonomy":"category","embeddable":true,"href":"https:\/\/www.eh-tique-media-tique.com\/index.php\/wp-json\/wp\/v2\/categories?post=3253"},{"taxonomy":"post_tag","embeddable":true,"href":"https:\/\/www.eh-tique-media-tique.com\/index.php\/wp-json\/wp\/v2\/tags?post=3253"}],"curies":[{"name":"wp","href":"https:\/\/api.w.org\/{rel}","templated":true}]}}