{"id":3255,"date":"2022-10-12T15:58:00","date_gmt":"2022-10-12T13:58:00","guid":{"rendered":"https:\/\/www.eh-tique-media-tique.com\/?p=3255"},"modified":"2024-01-04T16:00:38","modified_gmt":"2024-01-04T15:00:38","slug":"octobre-2022-alger-paris-le-silence-des-ministres-de-la-republique-francaise","status":"publish","type":"post","link":"https:\/\/www.eh-tique-media-tique.com\/index.php\/2022\/10\/12\/octobre-2022-alger-paris-le-silence-des-ministres-de-la-republique-francaise\/","title":{"rendered":"Octobre 2022 &#8211; Alger Paris-le Silence des ministres de la R\u00e9publique Fran\u00e7aise\u2026"},"content":{"rendered":"\n<p><strong>Et ils \u00e9taient forts nombreux\u2026<\/strong><\/p>\n\n\n\n<p><strong>Un silence tr\u00e8s \u00e9trange, qui n\u2019a rien \u00e0 voir avec le silence des moines assassin\u00e9s de Tibhirine en 1996.<\/strong><\/p>\n\n\n\n<p><strong>Silence on tourne&nbsp;! Quoi&nbsp;?<\/strong><\/p>\n\n\n\n<p><strong>Tr\u00e8s \u00e9trange ce silence, alors que les ministres de l\u2019\u00e8re Macron nous avaient&nbsp; habitu\u00e9s \u00e0 un bavardage politique presque quotidien\u2026&nbsp;!<\/strong><\/p>\n\n\n\n<p><strong>&nbsp;A qui va occuper le plus les petites ou les grandes lucarnes\u2026&nbsp;!<\/strong><\/p>\n\n\n\n<p><strong>Le Maire ou Darmanin, n\u2019\u00eates-vous pas frustr\u00e9s par cette consigne de \u00ab&nbsp;motus et bouche cousue&nbsp;\u00bb&nbsp;?<\/strong><\/p>\n\n\n\n<p><strong>Jean Pierre Renaud<\/strong><\/p>\n","protected":false},"excerpt":{"rendered":"<p>Et ils \u00e9taient forts nombreux\u2026 Un silence tr\u00e8s \u00e9trange, qui n\u2019a rien \u00e0 voir avec le silence des moines assassin\u00e9s de Tibhirine en 1996. Silence on tourne&nbsp;! Quoi&nbsp;? Tr\u00e8s \u00e9trange ce silence, alors que les ministres de l\u2019\u00e8re Macron nous avaient&nbsp; habitu\u00e9s \u00e0 un bavardage politique presque quotidien\u2026&nbsp;! &nbsp;A qui va occuper le plus les &hellip; <a href=\"https:\/\/www.eh-tique-media-tique.com\/index.php\/2022\/10\/12\/octobre-2022-alger-paris-le-silence-des-ministres-de-la-republique-francaise\/\" class=\"more-link\">Continuer la lecture<span class=\"screen-reader-text\"> de &laquo;&nbsp;Octobre 2022 &#8211; Alger Paris-le Silence des ministres de la R\u00e9publique Fran\u00e7aise\u2026&nbsp;&raquo;<\/span><\/a><\/p>\n","protected":false},"author":1,"featured_media":0,"comment_status":"open","ping_status":"open","sticky":false,"template":"","format":"standard","meta":{"footnotes":""},"categories":[2,7,4],"tags":[236,270,280],"class_list":["post-3255","post","type-post","status-publish","format-standard","hentry","category-actualites","category-communication","category-politique","tag-algerie","tag-france","tag-politique"],"_links":{"self":[{"href":"https:\/\/www.eh-tique-media-tique.com\/index.php\/wp-json\/wp\/v2\/posts\/3255","targetHints":{"allow":["GET"]}}],"collection":[{"href":"https:\/\/www.eh-tique-media-tique.com\/index.php\/wp-json\/wp\/v2\/posts"}],"about":[{"href":"https:\/\/www.eh-tique-media-tique.com\/index.php\/wp-json\/wp\/v2\/types\/post"}],"author":[{"embeddable":true,"href":"https:\/\/www.eh-tique-media-tique.com\/index.php\/wp-json\/wp\/v2\/users\/1"}],"replies":[{"embeddable":true,"href":"https:\/\/www.eh-tique-media-tique.com\/index.php\/wp-json\/wp\/v2\/comments?post=3255"}],"version-history":[{"count":1,"href":"https:\/\/www.eh-tique-media-tique.com\/index.php\/wp-json\/wp\/v2\/posts\/3255\/revisions"}],"predecessor-version":[{"id":3256,"href":"https:\/\/www.eh-tique-media-tique.com\/index.php\/wp-json\/wp\/v2\/posts\/3255\/revisions\/3256"}],"wp:attachment":[{"href":"https:\/\/www.eh-tique-media-tique.com\/index.php\/wp-json\/wp\/v2\/media?parent=3255"}],"wp:term":[{"taxonomy":"category","embeddable":true,"href":"https:\/\/www.eh-tique-media-tique.com\/index.php\/wp-json\/wp\/v2\/categories?post=3255"},{"taxonomy":"post_tag","embeddable":true,"href":"https:\/\/www.eh-tique-media-tique.com\/index.php\/wp-json\/wp\/v2\/tags?post=3255"}],"curies":[{"name":"wp","href":"https:\/\/api.w.org\/{rel}","templated":true}]}}