{"id":3257,"date":"2022-10-09T16:00:00","date_gmt":"2022-10-09T14:00:00","guid":{"rendered":"https:\/\/www.eh-tique-media-tique.com\/?p=3257"},"modified":"2024-01-04T16:02:29","modified_gmt":"2024-01-04T15:02:29","slug":"echos-du-jour","status":"publish","type":"post","link":"https:\/\/www.eh-tique-media-tique.com\/index.php\/2022\/10\/09\/echos-du-jour\/","title":{"rendered":"Echos du Jour"},"content":{"rendered":"\n<p><strong>Octobre 2022<\/strong><\/p>\n\n\n\n<p><strong>Poutine,<\/strong><strong>&nbsp;Un Revenant de la Russie Stalinienne&nbsp;!<\/strong><\/p>\n\n\n\n<p><strong>Aujourd\u2019hui Chantre Colonialiste du XXI\u00e8me ?<\/strong><\/p>\n\n\n\n<p><strong>Il est vrai que la Russie fit partie du lot des grands imp\u00e9rialistes des si\u00e8cles pass\u00e9s.<\/strong><\/p>\n\n\n\n<p><strong>Aux yeux d\u2019un citoyen assez bien inform\u00e9 des imp\u00e9rialismes des XIX\u00e8me et XX\u00e8me si\u00e8cles, les discours tonitruants d\u2019un ancien sp\u00e9cimen du Politburo, sur la Place Rouge, sonnaient archi-faux&nbsp;!<\/strong><\/p>\n\n\n\n<p><strong>&nbsp;&nbsp;&nbsp;&nbsp;&nbsp;&nbsp; Il ne faut quand m\u00eame pas prendre les Occidentaux, et m\u00eame les Russes,&nbsp; pour des cons&nbsp;!<\/strong><\/p>\n\n\n\n<p><strong>&nbsp;&nbsp;&nbsp;&nbsp;&nbsp;&nbsp;&nbsp;&nbsp; Les citoyens de Saint P\u00e9tersbourg (Leningrad) sont-ils fiers de cet enfant du pays, le nouveau Tyran&nbsp;?<\/strong><\/p>\n\n\n\n<p><strong>&nbsp;&nbsp;&nbsp;&nbsp;&nbsp;&nbsp;&nbsp;&nbsp; Notre monde est \u00e0 nouveau bien malade. Nos parents auraient class\u00e9 Poutine dans la cat\u00e9gorie Assassin&nbsp;!<\/strong><\/p>\n\n\n\n<p><strong>France<\/strong><\/p>\n\n\n\n<p><strong>Les R\u00e9seaux sociaux&nbsp;? Progr\u00e8s ou Poison&nbsp;social et politique? L\u2019anarchie en mouvement&nbsp;?<\/strong><\/p>\n\n\n\n<p><strong>Il est tout de m\u00eame curieux que les partis politiques, et le Parlement ne se soient pas encore saisis du dossier de la r\u00e9gulation civique des r\u00e9seaux sociaux. Depuis des ann\u00e9es, n\u2019importe qui peut raconter ou&nbsp;&nbsp;&nbsp;&nbsp; montrer n\u2019importe quoi, gr\u00e2ce aux r\u00e9seaux sociaux, nouveau pouvoir dans nos soci\u00e9t\u00e9s, en concurrence avec&nbsp;les autres pouvoirs des institutions r\u00e9publicaines, gouvernement, assembl\u00e9es, et presse\u2026.<\/strong><\/p>\n\n\n\n<p><strong>&nbsp;&nbsp;&nbsp;&nbsp;&nbsp;&nbsp;&nbsp;&nbsp;&nbsp;&nbsp;&nbsp;&nbsp;&nbsp;&nbsp;&nbsp;&nbsp;&nbsp;&nbsp;&nbsp;&nbsp; Pour faire moderne, le Pr\u00e9sident \u00ab&nbsp;Tweete&nbsp;\u00bb comme les autres&nbsp;!<\/strong><\/p>\n\n\n\n<p><strong>&nbsp;&nbsp;&nbsp;&nbsp;&nbsp;&nbsp;&nbsp;&nbsp;&nbsp;&nbsp;&nbsp;&nbsp;&nbsp;&nbsp;&nbsp;&nbsp;&nbsp;&nbsp;&nbsp;&nbsp; Le pouvoir des r\u00e9seaux sociaux semble \u00e9craser les autres pouvoirs institutionnels, notamment chez les jeunes.<\/strong><\/p>\n\n\n\n<p><strong>&nbsp;&nbsp;&nbsp;&nbsp;&nbsp;&nbsp;&nbsp;&nbsp;&nbsp;&nbsp;&nbsp;&nbsp;&nbsp;&nbsp;&nbsp;&nbsp;&nbsp;&nbsp;&nbsp;&nbsp; Les journalistes eux-m\u00eames font&nbsp; r\u00e9f\u00e9rence \u00e0 la source \u00ab&nbsp;R\u00e9seaux sociaux&nbsp;\u00bb.<\/strong><\/p>\n\n\n\n<p><strong>&nbsp;&nbsp;&nbsp;&nbsp;&nbsp;&nbsp;&nbsp;&nbsp;&nbsp;&nbsp;&nbsp;&nbsp;&nbsp;&nbsp;&nbsp;&nbsp;&nbsp;&nbsp;&nbsp;&nbsp; Silence, on tourne, mais surtout on d\u00e9tourne l\u2019attention&nbsp;!<\/strong><\/p>\n\n\n\n<p><strong>&nbsp;&nbsp;&nbsp;&nbsp;&nbsp;&nbsp;&nbsp;&nbsp;&nbsp;&nbsp;&nbsp;&nbsp;&nbsp;&nbsp;&nbsp;&nbsp;&nbsp;&nbsp;&nbsp;&nbsp; Le Conseil d\u2019Etat vient d\u2019engager une r\u00e9flexion sur ce sujet sensible. Les belles \u00e2mes s\u2019\u00e9tonneront sans doute de voir les pouvoirs juridictionnels de France ou de l\u2019Union prendre le pouvoir des institutions gouvernementales et parlementaires&nbsp; \u2026<\/strong><\/p>\n\n\n\n<p><strong>&nbsp;&nbsp;&nbsp;&nbsp;&nbsp;&nbsp;&nbsp;&nbsp;&nbsp;&nbsp;&nbsp;&nbsp;&nbsp;&nbsp;&nbsp;&nbsp;&nbsp;&nbsp;&nbsp;&nbsp; Il est urgent que la R\u00e9publique fixe les r\u00e8gles du jeu des r\u00e9seaux sociaux, d\u00e9clarations, sites, et contr\u00f4le&nbsp;!<\/strong><\/p>\n\n\n\n<p><strong>Paris, ou le Panier des crabes politiques communicants&nbsp;?<\/strong><\/p>\n\n\n\n<p><strong>Hidalgo a-r-elle une \u00e9quipe politique repr\u00e9sentative&nbsp;?&nbsp; Non&nbsp;!<\/strong><\/p>\n\n\n\n<p><strong>&nbsp;&nbsp;&nbsp;&nbsp;&nbsp;&nbsp;&nbsp;&nbsp;&nbsp;&nbsp;&nbsp;&nbsp;&nbsp;&nbsp;&nbsp;&nbsp;&nbsp;&nbsp;&nbsp;&nbsp; &nbsp;Pour de multiples raisons&nbsp;! Les \u00e9lections du Covid en 2021&nbsp;? La perte de cr\u00e9dit du Parti Socialiste&nbsp;! Existe-t-il encore&nbsp;?<\/strong><\/p>\n\n\n\n<p><strong>&nbsp;&nbsp;&nbsp;&nbsp;&nbsp;&nbsp;&nbsp;&nbsp;&nbsp;&nbsp;&nbsp;&nbsp;&nbsp;&nbsp;&nbsp;&nbsp;&nbsp;&nbsp;&nbsp;&nbsp; Est-elle elle-m\u00eame&nbsp;repr\u00e9sentative ? Rien n\u2019est moins s\u00fbr avec le score ridicule qui fut le sien aux Pr\u00e9sidentielles&nbsp;!<\/strong><\/p>\n\n\n\n<p><strong>&nbsp;&nbsp;&nbsp;&nbsp;&nbsp;&nbsp;&nbsp;&nbsp;&nbsp;&nbsp;&nbsp;&nbsp;&nbsp;&nbsp;&nbsp;&nbsp;&nbsp;&nbsp;&nbsp;&nbsp; Comme je l\u2019ai expliqu\u00e9 dans une analyse r\u00e9cente sur les institutions parisiennes, les \u00e9lus parisiens b\u00e9n\u00e9ficient d\u2019un privil\u00e8ge politique n\u00e9 de l\u2019invasion de la soci\u00e9t\u00e9 de communication tous azimuts au niveau national et international, un privil\u00e8ge qui les a install\u00e9 dans un syst\u00e8me d\u2019abus de pouvoir.<\/strong><\/p>\n\n\n\n<p><strong>&nbsp;&nbsp;&nbsp;&nbsp;&nbsp;&nbsp;&nbsp;&nbsp;&nbsp;&nbsp;&nbsp;&nbsp;&nbsp;&nbsp;&nbsp;&nbsp;&nbsp;&nbsp;&nbsp;&nbsp; Les pol\u00e9miques politiques r\u00e9p\u00e9t\u00e9es qui agitent le microcosme parisien en sont un des symboles, en donnant la parole \u00e0 des figures politiques pour le moins \u00ab&nbsp;originales&nbsp;\u00bb, mais non repr\u00e9sentatives sur le plan parisien, et encore moins national, les Bayou, Rousseau, Obono, ou Benbassa&nbsp;\u2026<\/strong><\/p>\n\n\n\n<p><strong>&nbsp;&nbsp;&nbsp;&nbsp;&nbsp;&nbsp;&nbsp;&nbsp;&nbsp;&nbsp;&nbsp;&nbsp;&nbsp;&nbsp;&nbsp;&nbsp;&nbsp;&nbsp;&nbsp;&nbsp; Ont-ils des racines&nbsp;? La France est un dr\u00f4le de pays qui prend le risque de compter des \u00e9lus dans les assembl\u00e9es nationales qui ont plusieurs nationalit\u00e9s&nbsp;: quelles nations repr\u00e9sentent-ils&nbsp;?<\/strong><\/p>\n\n\n\n<p><strong>Extr\u00eame droite ou extr\u00eame gauche&nbsp;?<\/strong><\/p>\n\n\n\n<p><strong>Dans notre pays<\/strong><strong>, les \u00ab&nbsp;experts&nbsp;\u00bb&nbsp;<\/strong><strong>continuent \u00e0 classer les \u00e9lecteurs en fonction de crit\u00e8res obsol\u00e8tes, comme si la France n\u2019avait pas chang\u00e9 depuis 1945 ou 1960.<\/strong><\/p>\n\n\n\n<p><strong>&nbsp;&nbsp;&nbsp;&nbsp;&nbsp;&nbsp;&nbsp;&nbsp;&nbsp;&nbsp;&nbsp;&nbsp;&nbsp;&nbsp;&nbsp;&nbsp;&nbsp;&nbsp;&nbsp;&nbsp; Quoi de commun entre la France du jour, ouverte au monde, pr\u00eate \u00e0 accueillir la terre enti\u00e8re et celle des ann\u00e9es 70 et 80&nbsp;? Alors que nos villes et nos villages n\u2019avaient pas encore \u00e9t\u00e9 confront\u00e9s \u00e0 des populations \u00ab&nbsp;\u00e9trang\u00e8res&nbsp;\u00bb de culture \u00ab&nbsp;\u00e9trang\u00e8re&nbsp;\u00bb, ou religieuse&nbsp;?<\/strong><\/p>\n\n\n\n<p><strong>&nbsp;&nbsp;&nbsp;&nbsp;&nbsp;&nbsp;&nbsp;&nbsp;&nbsp;&nbsp;&nbsp;&nbsp;&nbsp;&nbsp;&nbsp;&nbsp;&nbsp;&nbsp;&nbsp;&nbsp; R\u00e9sultat&nbsp;: notre pays attache de plus en plus d\u2019importance \u00e0 son identit\u00e9, \u00e0 ses racines, \u00e0 son mode de vie traditionnel.<\/strong><\/p>\n\n\n\n<p><strong>&nbsp;&nbsp;&nbsp;&nbsp;&nbsp;&nbsp;&nbsp;&nbsp;&nbsp;&nbsp;&nbsp;&nbsp;&nbsp;&nbsp;&nbsp;&nbsp;&nbsp;&nbsp;&nbsp;&nbsp; R\u00e9sultat&nbsp;: notre pays va de plus en plus facilement vers des formations politiques qui incarnent ces valeurs, qui disposent d\u2019une colonne vert\u00e9brale, d\u2019une hi\u00e9rarchie de valeurs et d\u2019objectifs, et pas d\u2019un n\u2019importe quoi, au gr\u00e9 des vents ou des modes.<\/strong><\/p>\n\n\n\n<p><strong>&nbsp;&nbsp;&nbsp;&nbsp;&nbsp;&nbsp;&nbsp;&nbsp;&nbsp;&nbsp;&nbsp;&nbsp;&nbsp;&nbsp;&nbsp;&nbsp;&nbsp;&nbsp;&nbsp;&nbsp; A titre d\u2019exemple, le Pr\u00e9sident que vous connaissez a fait un choix \u00ab&nbsp;disruptif&nbsp;\u00bb, comme il les aime en confiant notre \u00e9ducation nationale \u00e0 un Fran\u00e7ais d\u2019origine s\u00e9n\u00e9galaise tr\u00e8s sensible \u00e0 la culture am\u00e9ricaine, \u00e0 laquelle il a \u00e9t\u00e9 confront\u00e9 en sa qualit\u00e9 d\u2019\u00e9tudiant, en oubliant peut-\u00eatre que la s\u00e9gr\u00e9gation s\u00e9vissait encore aux Etats Unis dans les ann\u00e9es 60.<\/strong><\/p>\n\n\n\n<p><strong>&nbsp;&nbsp;&nbsp;&nbsp;&nbsp;&nbsp;&nbsp;&nbsp;&nbsp;&nbsp;&nbsp;&nbsp;&nbsp;&nbsp;&nbsp;&nbsp;&nbsp;&nbsp;&nbsp;&nbsp; Dans le livre \u00ab&nbsp;La Condition Noire&nbsp;\u00bb, il faisait l\u2019impasse statistique sur les ann\u00e9es post\u00e9rieures \u00e0 1980, p\u00e9riode \u00e0 partir desquelles l\u2019immigration a beaucoup augment\u00e9, en changeant la donne politique.<\/strong><\/p>\n\n\n\n<p><strong>&nbsp;&nbsp;&nbsp;&nbsp;&nbsp;&nbsp;&nbsp;&nbsp;&nbsp;&nbsp;&nbsp;&nbsp;&nbsp;&nbsp;&nbsp;&nbsp;&nbsp;&nbsp;&nbsp;&nbsp; Dans l\u2019Union Europ\u00e9enne, les scrutins r\u00e9cents montrent que la population rallie de plus en plus les rives des partis identitaires, en France comme ailleurs.<\/strong><\/p>\n\n\n\n<p><strong>&nbsp;&nbsp;&nbsp;&nbsp;&nbsp;&nbsp;&nbsp;&nbsp;&nbsp;&nbsp;&nbsp;&nbsp;&nbsp;&nbsp;&nbsp;&nbsp;&nbsp;&nbsp;&nbsp;&nbsp; Au risque de choquer les \u00e2mes sensibles, et face aux Extr\u00eames Gauche de tout poil, le Rassemblement National fait de plus en plus figure de parti mod\u00e9r\u00e9 en comparaison des autres formations politiques qui proposent des options on ne peut plus fades dans la d\u00e9composition politique du pays.<\/strong><\/p>\n\n\n\n<p><strong>&nbsp;&nbsp;&nbsp;&nbsp;&nbsp;&nbsp;&nbsp;&nbsp;&nbsp;&nbsp;&nbsp;&nbsp;&nbsp;&nbsp;&nbsp;&nbsp;&nbsp;&nbsp;&nbsp;&nbsp; La plupart des \u00ab&nbsp;Experts&nbsp;\u00bb classent ces formations sous le crit\u00e8re \u00ab&nbsp;populiste&nbsp;\u00bb, alors qu\u2019il s\u2019agit tout simplement du peuple.<\/strong><\/p>\n\n\n\n<p><strong>Les m\u00e8ches r\u00e9volutionnaires de&nbsp; Macron&nbsp;!<\/strong><\/p>\n\n\n\n<p><strong>&nbsp;&nbsp;&nbsp;&nbsp;&nbsp;&nbsp;&nbsp;&nbsp;&nbsp;&nbsp;&nbsp;&nbsp;&nbsp;&nbsp;&nbsp;&nbsp;&nbsp;&nbsp;&nbsp;&nbsp; Chacune de nos belles provinces se&nbsp; verra attribuer un lot de demandeurs d\u2019asile, faute pour lui et ses gouvernements&nbsp; successifs d\u2019avoir eu ou d\u2019avoir le courage de faire enfin le m\u00e9nage dans les flux migratoires&nbsp;!<\/strong><\/p>\n\n\n\n<p><strong>&nbsp;&nbsp;&nbsp;&nbsp;&nbsp;&nbsp;&nbsp;&nbsp;&nbsp;&nbsp;&nbsp;&nbsp;&nbsp;&nbsp;&nbsp;&nbsp;&nbsp;&nbsp;&nbsp;&nbsp; Un de mes vieux amis bon connaisseur du sujet et de l\u2019\u00e9tranger me confiait \u00ab&nbsp;Macron n\u2019est-il pas devenu fou&nbsp;?&nbsp;\u00bb.<\/strong><\/p>\n\n\n\n<p><strong>Jean Pierre et Marie Christine Renaud&nbsp;&nbsp;&nbsp;&nbsp; Tous droits r\u00e9serv\u00e9s<\/strong><\/p>\n","protected":false},"excerpt":{"rendered":"<p>Octobre 2022 Poutine,&nbsp;Un Revenant de la Russie Stalinienne&nbsp;! Aujourd\u2019hui Chantre Colonialiste du XXI\u00e8me ? Il est vrai que la Russie fit partie du lot des grands imp\u00e9rialistes des si\u00e8cles pass\u00e9s. Aux yeux d\u2019un citoyen assez bien inform\u00e9 des imp\u00e9rialismes des XIX\u00e8me et XX\u00e8me si\u00e8cles, les discours tonitruants d\u2019un ancien sp\u00e9cimen du Politburo, sur la Place &hellip; <a href=\"https:\/\/www.eh-tique-media-tique.com\/index.php\/2022\/10\/09\/echos-du-jour\/\" class=\"more-link\">Continuer la lecture<span class=\"screen-reader-text\"> de &laquo;&nbsp;Echos du Jour&nbsp;&raquo;<\/span><\/a><\/p>\n","protected":false},"author":1,"featured_media":0,"comment_status":"open","ping_status":"open","sticky":false,"template":"","format":"standard","meta":{"footnotes":""},"categories":[2,7,6,11,5,13],"tags":[270,467],"class_list":["post-3257","post","type-post","status-publish","format-standard","hentry","category-actualites","category-communication","category-culture","category-guerre","category-histoire","category-paris","tag-france","tag-paris"],"_links":{"self":[{"href":"https:\/\/www.eh-tique-media-tique.com\/index.php\/wp-json\/wp\/v2\/posts\/3257","targetHints":{"allow":["GET"]}}],"collection":[{"href":"https:\/\/www.eh-tique-media-tique.com\/index.php\/wp-json\/wp\/v2\/posts"}],"about":[{"href":"https:\/\/www.eh-tique-media-tique.com\/index.php\/wp-json\/wp\/v2\/types\/post"}],"author":[{"embeddable":true,"href":"https:\/\/www.eh-tique-media-tique.com\/index.php\/wp-json\/wp\/v2\/users\/1"}],"replies":[{"embeddable":true,"href":"https:\/\/www.eh-tique-media-tique.com\/index.php\/wp-json\/wp\/v2\/comments?post=3257"}],"version-history":[{"count":1,"href":"https:\/\/www.eh-tique-media-tique.com\/index.php\/wp-json\/wp\/v2\/posts\/3257\/revisions"}],"predecessor-version":[{"id":3258,"href":"https:\/\/www.eh-tique-media-tique.com\/index.php\/wp-json\/wp\/v2\/posts\/3257\/revisions\/3258"}],"wp:attachment":[{"href":"https:\/\/www.eh-tique-media-tique.com\/index.php\/wp-json\/wp\/v2\/media?parent=3257"}],"wp:term":[{"taxonomy":"category","embeddable":true,"href":"https:\/\/www.eh-tique-media-tique.com\/index.php\/wp-json\/wp\/v2\/categories?post=3257"},{"taxonomy":"post_tag","embeddable":true,"href":"https:\/\/www.eh-tique-media-tique.com\/index.php\/wp-json\/wp\/v2\/tags?post=3257"}],"curies":[{"name":"wp","href":"https:\/\/api.w.org\/{rel}","templated":true}]}}