{"id":3261,"date":"2022-09-19T16:04:00","date_gmt":"2022-09-19T14:04:00","guid":{"rendered":"https:\/\/www.eh-tique-media-tique.com\/?p=3261"},"modified":"2024-01-04T16:05:23","modified_gmt":"2024-01-04T15:05:23","slug":"ceremonie-du-souvenir-2022","status":"publish","type":"post","link":"https:\/\/www.eh-tique-media-tique.com\/index.php\/2022\/09\/19\/ceremonie-du-souvenir-2022\/","title":{"rendered":"C\u00e9r\u00e9monie du Souvenir 2022"},"content":{"rendered":"\n<p><strong>Une contribution<\/strong><\/p>\n\n\n\n<p><strong>Souvenir d\u2019une enfance dans la guerre<\/strong><\/p>\n\n\n\n<p><strong>No\u00ebl 1942<\/strong><\/p>\n\n\n\n<p><strong>Aujourd\u2019hui, 18 septembre 2022, c\u00e9r\u00e9monie du souvenir en l\u2019honneur des Justes qui, pendant la derni\u00e8re guerre mondiale ont sauv\u00e9 des juifs, enfants ou adultes, que les allemands exterminaient dans les camps de concentration.<\/strong><\/p>\n\n\n\n<p><strong>Ma famille a \u00e9t\u00e9&nbsp; confront\u00e9e \u00e0 l\u2019Occupation. En 1944, mes fr\u00e8res, l\u2019un \u00e2g\u00e9 de 17 ans, l\u2019autre de 19 ans, une s\u0153ur \u00e2g\u00e9e de 16 ans, ont fait de la R\u00e9sistance.<\/strong><\/p>\n\n\n\n<p><strong>La Paroisse de Montb\u00e9liard, notre deuxi\u00e8me famille, joua un r\u00f4le important d\u2019animation de la R\u00e9sistance dans le Pays de Montb\u00e9liard.<\/strong><\/p>\n\n\n\n<p><strong>J\u2019ai d\u00e9j\u00e0, dans le pass\u00e9, rappel\u00e9 le souvenir d\u2019un jeune s\u00e9minariste, Robert Cuenot, ami de la famille, fusill\u00e9 en 1944, au Fort Hatry<\/strong><\/p>\n\n\n\n<p><strong>Montb\u00e9liard. A No\u00ebl, 1942, Souvenir d\u2019un enfant de ch\u0153ur<\/strong><\/p>\n\n\n\n<p><strong><em>\u00ab&nbsp;En 1942 fut impos\u00e9 aux juifs le port de l\u2019\u00e9toile jaune. A No\u00ebl, la messe de minuit fut avanc\u00e9e \u00e0 18 heures. Assistance massive, dans laquelle bon nombre d\u2019Allemands en uniforme. Selon la coutume, au d\u00e9but de la c\u00e9l\u00e9bration, les enfants de ch\u0153ur vont en procession porter l\u2019Enfant J\u00e9sus \u00e0 la cr\u00e8che<\/em><\/strong><strong><em>o\u00f9 sont d\u00e9j\u00e0 install\u00e9s les autres personnages. L\u2019Enfant J\u00e9sus \u2013 de&nbsp; 30 \u00e0 40 cm- traverse toute la foule \u00e9mue jusqu\u2019aux larmes&nbsp;: il porte l\u2019\u00e9toile jaune&nbsp;! Et dans la cr\u00e8che, Joseph et Marie portent \u00e9galement l\u2019\u00e9toile jaune. L\u2019affaire n\u2019eut pas de suite, mais cette trouvaille d\u2019un humour tragique a profond\u00e9ment&nbsp; marqu\u00e9 l\u2019assistance<\/em><\/strong><strong>.&nbsp;\u00bb<\/strong><\/p>\n\n\n\n<p><strong>(L\u2019Abb\u00e9 Flory \u2013Joseph Ball, page 211)<\/strong><\/p>\n\n\n\n<p><strong>Jean Pierre Renaud<\/strong><\/p>\n","protected":false},"excerpt":{"rendered":"<p>Une contribution Souvenir d\u2019une enfance dans la guerre No\u00ebl 1942 Aujourd\u2019hui, 18 septembre 2022, c\u00e9r\u00e9monie du souvenir en l\u2019honneur des Justes qui, pendant la derni\u00e8re guerre mondiale ont sauv\u00e9 des juifs, enfants ou adultes, que les allemands exterminaient dans les camps de concentration. Ma famille a \u00e9t\u00e9&nbsp; confront\u00e9e \u00e0 l\u2019Occupation. En 1944, mes fr\u00e8res, l\u2019un &hellip; <a href=\"https:\/\/www.eh-tique-media-tique.com\/index.php\/2022\/09\/19\/ceremonie-du-souvenir-2022\/\" class=\"more-link\">Continuer la lecture<span class=\"screen-reader-text\"> de &laquo;&nbsp;C\u00e9r\u00e9monie du Souvenir 2022&nbsp;&raquo;<\/span><\/a><\/p>\n","protected":false},"author":1,"featured_media":0,"comment_status":"open","ping_status":"open","sticky":false,"template":"","format":"standard","meta":{"footnotes":""},"categories":[2,7,6,11,5],"tags":[310,280],"class_list":["post-3261","post","type-post","status-publish","format-standard","hentry","category-actualites","category-communication","category-culture","category-guerre","category-histoire","tag-guerre","tag-politique"],"_links":{"self":[{"href":"https:\/\/www.eh-tique-media-tique.com\/index.php\/wp-json\/wp\/v2\/posts\/3261","targetHints":{"allow":["GET"]}}],"collection":[{"href":"https:\/\/www.eh-tique-media-tique.com\/index.php\/wp-json\/wp\/v2\/posts"}],"about":[{"href":"https:\/\/www.eh-tique-media-tique.com\/index.php\/wp-json\/wp\/v2\/types\/post"}],"author":[{"embeddable":true,"href":"https:\/\/www.eh-tique-media-tique.com\/index.php\/wp-json\/wp\/v2\/users\/1"}],"replies":[{"embeddable":true,"href":"https:\/\/www.eh-tique-media-tique.com\/index.php\/wp-json\/wp\/v2\/comments?post=3261"}],"version-history":[{"count":1,"href":"https:\/\/www.eh-tique-media-tique.com\/index.php\/wp-json\/wp\/v2\/posts\/3261\/revisions"}],"predecessor-version":[{"id":3262,"href":"https:\/\/www.eh-tique-media-tique.com\/index.php\/wp-json\/wp\/v2\/posts\/3261\/revisions\/3262"}],"wp:attachment":[{"href":"https:\/\/www.eh-tique-media-tique.com\/index.php\/wp-json\/wp\/v2\/media?parent=3261"}],"wp:term":[{"taxonomy":"category","embeddable":true,"href":"https:\/\/www.eh-tique-media-tique.com\/index.php\/wp-json\/wp\/v2\/categories?post=3261"},{"taxonomy":"post_tag","embeddable":true,"href":"https:\/\/www.eh-tique-media-tique.com\/index.php\/wp-json\/wp\/v2\/tags?post=3261"}],"curies":[{"name":"wp","href":"https:\/\/api.w.org\/{rel}","templated":true}]}}