{"id":3269,"date":"2022-09-04T16:09:00","date_gmt":"2022-09-04T14:09:00","guid":{"rendered":"https:\/\/www.eh-tique-media-tique.com\/?p=3269"},"modified":"2024-01-04T16:11:23","modified_gmt":"2024-01-04T15:11:23","slug":"cnr-de-gaulle-ou-cnr-macron","status":"publish","type":"post","link":"https:\/\/www.eh-tique-media-tique.com\/index.php\/2022\/09\/04\/cnr-de-gaulle-ou-cnr-macron\/","title":{"rendered":"CNR de Gaulle ou CNR Macron\u00a0!"},"content":{"rendered":"\n<p><strong>Monsieur Macron fait joujou avec la m\u00e9moire et l\u2019histoire de la France&nbsp;!<\/strong><\/p>\n\n\n\n<p><strong>La politique fran\u00e7aise en est-elle r\u00e9duite aujourd\u2019hui aux traitrises, aux inversions, aux transgressions, aux perversions&nbsp;?<\/strong><\/p>\n\n\n\n<p><strong>Joujou avec le sacrifice de tous ces hommes et de toutes ces femmes qui ont sacrifi\u00e9 leurs vies pour la France&nbsp;?<\/strong><\/p>\n\n\n\n<p><strong>Bassesse et D\u00e9shonneur&nbsp;!<\/strong><\/p>\n\n\n\n<p><strong>&amp;<\/strong><\/p>\n\n\n\n<p><strong>Au jour de la \u00ab&nbsp;fondation&nbsp;\u00bb suppos\u00e9e d\u2019une nouvelle caricature d\u00e9mocratique \u00ab&nbsp;made in Macron&nbsp;\u00bb, Philippe va voir d\u2019autres \u00ab&nbsp;Horizons&nbsp;\u00bb et taille la route au Qu\u00e9bec&nbsp;! Curieux vous ne trouvez pas&nbsp;? \u00ab&nbsp; Courage, Fuyons&nbsp;!&nbsp;\u00bb<\/strong><\/p>\n\n\n\n<p><strong>Le Qu\u00e9bec, cela vous dit quelque chose&nbsp;? Non pas les Hurons ou Jean Baptiste de La Salle, mais Jupp\u00e9, le p\u00e8re spirituel de Philippe, et son exil apr\u00e8s sa condamnation pour corruption publique.<\/strong><\/p>\n\n\n\n<p><strong>Jean Pierre Renaud&nbsp;&nbsp; Tous droits r\u00e9serv\u00e9s<\/strong><\/p>\n","protected":false},"excerpt":{"rendered":"<p>Monsieur Macron fait joujou avec la m\u00e9moire et l\u2019histoire de la France&nbsp;! La politique fran\u00e7aise en est-elle r\u00e9duite aujourd\u2019hui aux traitrises, aux inversions, aux transgressions, aux perversions&nbsp;? Joujou avec le sacrifice de tous ces hommes et de toutes ces femmes qui ont sacrifi\u00e9 leurs vies pour la France&nbsp;? Bassesse et D\u00e9shonneur&nbsp;! &amp; Au jour de &hellip; <a href=\"https:\/\/www.eh-tique-media-tique.com\/index.php\/2022\/09\/04\/cnr-de-gaulle-ou-cnr-macron\/\" class=\"more-link\">Continuer la lecture<span class=\"screen-reader-text\"> de &laquo;&nbsp;CNR de Gaulle ou CNR Macron\u00a0!&nbsp;&raquo;<\/span><\/a><\/p>\n","protected":false},"author":1,"featured_media":0,"comment_status":"open","ping_status":"open","sticky":false,"template":"","format":"standard","meta":{"footnotes":""},"categories":[2,7,6,5,4],"tags":[270,280],"class_list":["post-3269","post","type-post","status-publish","format-standard","hentry","category-actualites","category-communication","category-culture","category-histoire","category-politique","tag-france","tag-politique"],"_links":{"self":[{"href":"https:\/\/www.eh-tique-media-tique.com\/index.php\/wp-json\/wp\/v2\/posts\/3269","targetHints":{"allow":["GET"]}}],"collection":[{"href":"https:\/\/www.eh-tique-media-tique.com\/index.php\/wp-json\/wp\/v2\/posts"}],"about":[{"href":"https:\/\/www.eh-tique-media-tique.com\/index.php\/wp-json\/wp\/v2\/types\/post"}],"author":[{"embeddable":true,"href":"https:\/\/www.eh-tique-media-tique.com\/index.php\/wp-json\/wp\/v2\/users\/1"}],"replies":[{"embeddable":true,"href":"https:\/\/www.eh-tique-media-tique.com\/index.php\/wp-json\/wp\/v2\/comments?post=3269"}],"version-history":[{"count":1,"href":"https:\/\/www.eh-tique-media-tique.com\/index.php\/wp-json\/wp\/v2\/posts\/3269\/revisions"}],"predecessor-version":[{"id":3270,"href":"https:\/\/www.eh-tique-media-tique.com\/index.php\/wp-json\/wp\/v2\/posts\/3269\/revisions\/3270"}],"wp:attachment":[{"href":"https:\/\/www.eh-tique-media-tique.com\/index.php\/wp-json\/wp\/v2\/media?parent=3269"}],"wp:term":[{"taxonomy":"category","embeddable":true,"href":"https:\/\/www.eh-tique-media-tique.com\/index.php\/wp-json\/wp\/v2\/categories?post=3269"},{"taxonomy":"post_tag","embeddable":true,"href":"https:\/\/www.eh-tique-media-tique.com\/index.php\/wp-json\/wp\/v2\/tags?post=3269"}],"curies":[{"name":"wp","href":"https:\/\/api.w.org\/{rel}","templated":true}]}}