{"id":3340,"date":"2022-03-15T13:03:00","date_gmt":"2022-03-15T12:03:00","guid":{"rendered":"https:\/\/www.eh-tique-media-tique.com\/?p=3340"},"modified":"2024-01-05T13:06:05","modified_gmt":"2024-01-05T12:06:05","slug":"france-2-les-14-et-15-mars-2022","status":"publish","type":"post","link":"https:\/\/www.eh-tique-media-tique.com\/index.php\/2022\/03\/15\/france-2-les-14-et-15-mars-2022\/","title":{"rendered":"France 2 les 14 et 15 mars 2022"},"content":{"rendered":"\n<p><strong>\u00ab&nbsp;Toutes les douleurs de la Guerre d\u2019Alg\u00e9rie&nbsp;\u00bb<\/strong><\/p>\n\n\n\n<p><strong>\u00ab&nbsp;Avec clart\u00e9 et nuances, le journaliste Georges-Marc Benamou et l\u2019historien, Benjamin Stora retracent dans une vaste fresque documentaire ce conflit qui continue de d\u00e9chirer les m\u00e9moires&nbsp;\u00bb Le Figaro du 14 mars 2022, Benjamin Puech,Le Figaro, page 41 du 14 mars 2022,<\/strong><\/p>\n\n\n\n<p><strong>Ci-apr\u00e8s copie du message que j\u2019ai envoy\u00e9 \u00e0 Monsieur Puech le 14 mars 2022 11:14<\/strong><\/p>\n\n\n\n<p><strong>&nbsp;&nbsp;&nbsp;&nbsp;&nbsp;&nbsp;&nbsp;&nbsp; \u00ab&nbsp;<\/strong><strong>Bonjour, votre papier du jour&nbsp;? Quelques remarques d\u2019un ancien officier SAS du contingent (Soummam 1959-1960), sans doute trop vieux jeu, et ancien haut fonctionnaire&nbsp;:<\/strong><\/p>\n\n\n\n<ol class=\"wp-block-list\">\n<li><strong>Stora, l\u2019ancien trotskiste a d\u00e9couvert Camus apr\u00e8s 40 ans (d\u2019\u00e2ge)\u2026<\/strong><\/li>\n\n\n\n<li><strong>Stora s\u2019est investi dans les m\u00e9moires, \u00ab&nbsp;\u00e0 son gr\u00e9&nbsp;\u00bb \u00e9tant donn\u00e9 qu\u2019il n\u2019a jamais eu le courage de les faire \u00e9valuer\u2026<\/strong><\/li>\n\n\n\n<li><strong>Comment deux auteurs d\u2019une communaut\u00e9 bien install\u00e9e dans l\u2019Alg\u00e9rie Fran\u00e7aise, peuvent avoir la distance historique n\u00e9cessaire sur un tel sujet&nbsp;? Avec Pervill\u00e9 ou Vermeren, nous avions plus de garanties \u2026<\/strong><\/li>\n\n\n\n<li><strong>Arte a voulu faire la m\u00eame chose avec un nombre impressionnant (choisis comment&nbsp;?) de t\u00e9moins encore vivants, mais sans qu\u2019il soit possible de conna\u00eetre l\u2019audience de leur \u00e9mission. Arte ne r\u00e9pondant pas j\u2019ai saisi le CSA&nbsp;: silence ou tabou sur le succ\u00e8s de ce type d\u2019\u00e9mission.<\/strong><\/li>\n<\/ol>\n\n\n\n<p><strong>Les Fran\u00e7ais ont depuis longtemps l\u2019esprit ailleurs.&nbsp;\u00bb<\/strong><\/p>\n\n\n\n<p><strong>&nbsp; &nbsp;&nbsp;&nbsp;&nbsp;&nbsp;&nbsp;&nbsp;&nbsp;&nbsp;&nbsp;&nbsp;&nbsp;&nbsp;&nbsp;&nbsp;Jean Pierre Renaud<\/strong><\/p>\n","protected":false},"excerpt":{"rendered":"<p>\u00ab&nbsp;Toutes les douleurs de la Guerre d\u2019Alg\u00e9rie&nbsp;\u00bb \u00ab&nbsp;Avec clart\u00e9 et nuances, le journaliste Georges-Marc Benamou et l\u2019historien, Benjamin Stora retracent dans une vaste fresque documentaire ce conflit qui continue de d\u00e9chirer les m\u00e9moires&nbsp;\u00bb Le Figaro du 14 mars 2022, Benjamin Puech,Le Figaro, page 41 du 14 mars 2022, Ci-apr\u00e8s copie du message que j\u2019ai envoy\u00e9 &hellip; <a href=\"https:\/\/www.eh-tique-media-tique.com\/index.php\/2022\/03\/15\/france-2-les-14-et-15-mars-2022\/\" class=\"more-link\">Continuer la lecture<span class=\"screen-reader-text\"> de &laquo;&nbsp;France 2 les 14 et 15 mars 2022&nbsp;&raquo;<\/span><\/a><\/p>\n","protected":false},"author":1,"featured_media":0,"comment_status":"open","ping_status":"open","sticky":false,"template":"","format":"standard","meta":{"footnotes":""},"categories":[2,8,7,6,11,5,4],"tags":[236,273,270,310,421,397],"class_list":["post-3340","post","type-post","status-publish","format-standard","hentry","category-actualites","category-colonies","category-communication","category-culture","category-guerre","category-histoire","category-politique","tag-algerie","tag-colonies","tag-france","tag-guerre","tag-histoire","tag-le-figaro"],"_links":{"self":[{"href":"https:\/\/www.eh-tique-media-tique.com\/index.php\/wp-json\/wp\/v2\/posts\/3340","targetHints":{"allow":["GET"]}}],"collection":[{"href":"https:\/\/www.eh-tique-media-tique.com\/index.php\/wp-json\/wp\/v2\/posts"}],"about":[{"href":"https:\/\/www.eh-tique-media-tique.com\/index.php\/wp-json\/wp\/v2\/types\/post"}],"author":[{"embeddable":true,"href":"https:\/\/www.eh-tique-media-tique.com\/index.php\/wp-json\/wp\/v2\/users\/1"}],"replies":[{"embeddable":true,"href":"https:\/\/www.eh-tique-media-tique.com\/index.php\/wp-json\/wp\/v2\/comments?post=3340"}],"version-history":[{"count":1,"href":"https:\/\/www.eh-tique-media-tique.com\/index.php\/wp-json\/wp\/v2\/posts\/3340\/revisions"}],"predecessor-version":[{"id":3341,"href":"https:\/\/www.eh-tique-media-tique.com\/index.php\/wp-json\/wp\/v2\/posts\/3340\/revisions\/3341"}],"wp:attachment":[{"href":"https:\/\/www.eh-tique-media-tique.com\/index.php\/wp-json\/wp\/v2\/media?parent=3340"}],"wp:term":[{"taxonomy":"category","embeddable":true,"href":"https:\/\/www.eh-tique-media-tique.com\/index.php\/wp-json\/wp\/v2\/categories?post=3340"},{"taxonomy":"post_tag","embeddable":true,"href":"https:\/\/www.eh-tique-media-tique.com\/index.php\/wp-json\/wp\/v2\/tags?post=3340"}],"curies":[{"name":"wp","href":"https:\/\/api.w.org\/{rel}","templated":true}]}}