{"id":3342,"date":"2022-03-13T13:06:00","date_gmt":"2022-03-13T12:06:00","guid":{"rendered":"https:\/\/www.eh-tique-media-tique.com\/?p=3342"},"modified":"2024-01-05T13:12:18","modified_gmt":"2024-01-05T12:12:18","slug":"breves","status":"publish","type":"post","link":"https:\/\/www.eh-tique-media-tique.com\/index.php\/2022\/03\/13\/breves\/","title":{"rendered":"Br\u00e8ves"},"content":{"rendered":"\n<p><strong>Ukraine\u2026Ukraine\u2026Corse\u2026Corse\u2026 Sondages\u2026&nbsp; Sondages\u2026Pratiques politiques suspectes\u2026<\/strong><\/p>\n\n\n\n<p><strong>&nbsp;&nbsp;&nbsp;&nbsp;&nbsp;&nbsp;&nbsp;Ukraine, le g\u00e9nocide\u2026&nbsp;<\/strong><\/p>\n\n\n\n<p><strong>&nbsp;Un seul espoir si les Etats-Unis ne se mettent pas de la partie, la m\u00e9diation de l\u2019Eglise Orthodoxe Russe qui ne va tout de m\u00eame pas laisser son grand soutien devant l\u2019Eternel continuer l\u2019extermination du peuple Ukrainien, une nation \u00ab&nbsp;s\u0153ur&nbsp;\u00bb<\/strong><\/p>\n\n\n\n<p><strong>Comme en 1932-1933, avec Staline, et la passivit\u00e9 de l\u2019Europe&nbsp;!<\/strong><\/p>\n\n\n\n<p><strong>Avec le \u00ab&nbsp;Fr\u00e8re&nbsp;Musulman (&nbsp;?) \u00bb Erdogan \u00e0 l\u2019aff\u00fbt&nbsp;!<\/strong><\/p>\n\n\n\n<p><strong>La Corse s\u2019embrase \u2026 \u00e0 nouveau\u2026<\/strong><\/p>\n\n\n\n<p><strong>Il est \u00e9vident, sauf pour nos responsables politiques, que cela devait arriver, car la R\u00e9publique m\u00e9langeait les cat\u00e9gories de criminels, en mettant sur le m\u00eame plan, les criminels de droit commun, politiques ou non, avec les ennemis de la R\u00e9publique, tous ceux ou celles du Djihad, auteurs ou complices de terrorisme, qui avaient port\u00e9 les armes contre la France.<\/strong><\/p>\n\n\n\n<p><strong>Il y a des ann\u00e9es, j\u2019avais soulev\u00e9 sur le blog cette question du djihad&nbsp; dans nos prisons, en sugg\u00e9rant qu\u2019on les accueille, comme ils auraient d\u00fb l\u2019\u00eatre, dans un cadre juridique diff\u00e9rent, sur une \u00eele ou dans un fort.<\/strong><\/p>\n\n\n\n<p><strong>Sondages d\u2019opinion<\/strong><strong>&nbsp;?<\/strong><\/p>\n\n\n\n<p><strong>Avec Fr\u00e9d\u00e9ric Dabi, le Figaro du 11mars 2022, page 5&nbsp;: \u00ab&nbsp;<em>Pour les jeunes, le politique n\u2019est plus le lieu des solutions&nbsp;\u00bb<\/em><\/strong><\/p>\n\n\n\n<p><strong>Est-ce qu\u2019il l\u2019a jamais \u00e9t\u00e9&nbsp;? Rien n\u2019est moins s\u00fbr&nbsp;!<\/strong><\/p>\n\n\n\n<p><strong>Encore moins si l\u2019on se base sur les r\u00e9f\u00e9rences donn\u00e9es dans cet article, en comparant les ann\u00e9es 1957, 1968, et 2021&nbsp;? Avec les m\u00eames bases nationales&nbsp;pour la m\u00eame g\u00e9n\u00e9ration \u00e9tudi\u00e9e de 18 \u00e0 30 ans ?<\/strong><\/p>\n\n\n\n<p><strong>ll est permis d\u2019en douter.<\/strong><\/p>\n\n\n\n<p><strong>Pratiques politiques suspectes&nbsp;:&nbsp;<\/strong><strong>des ministres en campagne, un Pr\u00e9sident en campagne tout en \u00e9tant Pr\u00e9sident de la R\u00e9publique, \u00ab&nbsp;<em>en m\u00eame<\/em>&nbsp;<em>temps&nbsp;<\/em>\u00bb que Pr\u00e9sident temporaire du Conseil Europ\u00e9en, le corps pr\u00e9fectoral en uniforme avec cape et casquette en suppl\u00e9tifs politiques du moment \u00e9lectoral\u2026. Avec 43 ministres ou secr\u00e9taires d\u2019Etat, une petite arm\u00e9e en campagne avec intendance et r\u00e9seaux sociaux, car \u00ab&nbsp;Comme j\u2019aime c\u2019est gratuit&nbsp;\u00bb, mais pas pour tout le monde\u2026<\/strong><\/p>\n\n\n\n<p><strong>Le jeune Attal dans l\u2019Is\u00e8re en compagnie du \u00ab&nbsp;<em>sous-pr\u00e9fet du<\/em>&nbsp;<em>d\u00e9partement<\/em>&nbsp;\u00bb (sic) avec le tr\u00e8s modeste soutien d\u2019un de nos professeurs de morale publique, \u00ab&nbsp;Grand \u00e9lu&nbsp;\u00bb sur Seine de l\u2019UDI&nbsp;:&nbsp;<em>\u00ab&nbsp;Il a r\u00e9ussi \u00e0 n\u00e9gocier avec moi, ce&nbsp; qui est une marque d\u2019intelligence<\/em>&nbsp;\u00bb, mais \u00e0 quel prix&nbsp;? (Le Figaro des 12 et 13 mars 2022, page 11)<\/strong><\/p>\n\n\n\n<p><strong>Jean Pierre Renaud<\/strong><\/p>\n","protected":false},"excerpt":{"rendered":"<p>Ukraine\u2026Ukraine\u2026Corse\u2026Corse\u2026 Sondages\u2026&nbsp; Sondages\u2026Pratiques politiques suspectes\u2026 &nbsp;&nbsp;&nbsp;&nbsp;&nbsp;&nbsp;&nbsp;Ukraine, le g\u00e9nocide\u2026&nbsp; &nbsp;Un seul espoir si les Etats-Unis ne se mettent pas de la partie, la m\u00e9diation de l\u2019Eglise Orthodoxe Russe qui ne va tout de m\u00eame pas laisser son grand soutien devant l\u2019Eternel continuer l\u2019extermination du peuple Ukrainien, une nation \u00ab&nbsp;s\u0153ur&nbsp;\u00bb Comme en 1932-1933, avec Staline, et la &hellip; <a href=\"https:\/\/www.eh-tique-media-tique.com\/index.php\/2022\/03\/13\/breves\/\" class=\"more-link\">Continuer la lecture<span class=\"screen-reader-text\"> de &laquo;&nbsp;Br\u00e8ves&nbsp;&raquo;<\/span><\/a><\/p>\n","protected":false},"author":1,"featured_media":0,"comment_status":"open","ping_status":"open","sticky":false,"template":"","format":"standard","meta":{"footnotes":""},"categories":[2,7,6,5,4],"tags":[3137,3132,3138,1728,1016,173,349,270,3136,397,280,19,336,846,1125],"class_list":["post-3342","post","type-post","status-publish","format-standard","hentry","category-actualites","category-communication","category-culture","category-histoire","category-politique","tag-eglise-orthodoxe","tag-en-meme-temps-que-president-temporaire-du-conseil-europeen","tag-attal","tag-conseil-europeen","tag-corse","tag-etats-unis-2","tag-europe","tag-france","tag-genocide","tag-le-figaro","tag-politique","tag-president","tag-republique","tag-russie","tag-ukraine"],"_links":{"self":[{"href":"https:\/\/www.eh-tique-media-tique.com\/index.php\/wp-json\/wp\/v2\/posts\/3342","targetHints":{"allow":["GET"]}}],"collection":[{"href":"https:\/\/www.eh-tique-media-tique.com\/index.php\/wp-json\/wp\/v2\/posts"}],"about":[{"href":"https:\/\/www.eh-tique-media-tique.com\/index.php\/wp-json\/wp\/v2\/types\/post"}],"author":[{"embeddable":true,"href":"https:\/\/www.eh-tique-media-tique.com\/index.php\/wp-json\/wp\/v2\/users\/1"}],"replies":[{"embeddable":true,"href":"https:\/\/www.eh-tique-media-tique.com\/index.php\/wp-json\/wp\/v2\/comments?post=3342"}],"version-history":[{"count":1,"href":"https:\/\/www.eh-tique-media-tique.com\/index.php\/wp-json\/wp\/v2\/posts\/3342\/revisions"}],"predecessor-version":[{"id":3343,"href":"https:\/\/www.eh-tique-media-tique.com\/index.php\/wp-json\/wp\/v2\/posts\/3342\/revisions\/3343"}],"wp:attachment":[{"href":"https:\/\/www.eh-tique-media-tique.com\/index.php\/wp-json\/wp\/v2\/media?parent=3342"}],"wp:term":[{"taxonomy":"category","embeddable":true,"href":"https:\/\/www.eh-tique-media-tique.com\/index.php\/wp-json\/wp\/v2\/categories?post=3342"},{"taxonomy":"post_tag","embeddable":true,"href":"https:\/\/www.eh-tique-media-tique.com\/index.php\/wp-json\/wp\/v2\/tags?post=3342"}],"curies":[{"name":"wp","href":"https:\/\/api.w.org\/{rel}","templated":true}]}}