{"id":3352,"date":"2022-02-23T13:27:00","date_gmt":"2022-02-23T12:27:00","guid":{"rendered":"https:\/\/www.eh-tique-media-tique.com\/?p=3352"},"modified":"2024-01-05T13:29:48","modified_gmt":"2024-01-05T12:29:48","slug":"lalgerie-netait-pas-comme-les-autres-colonies","status":"publish","type":"post","link":"https:\/\/www.eh-tique-media-tique.com\/index.php\/2022\/02\/23\/lalgerie-netait-pas-comme-les-autres-colonies\/","title":{"rendered":"\u00ab\u00a0L\u2019Alg\u00e9rie n\u2019\u00e9tait pas comme les autres colonies\u00a0\u00bb"},"content":{"rendered":"\n<p><strong>Par Benjamin Stora<\/strong><\/p>\n\n\n\n<p><strong>Interview Fr\u00e9d\u00e9ric Herv\u00e9 et St\u00e9phane Vernay dans Ouest France des 19-20 f\u00e9vrier 2022, page 6<\/strong><\/p>\n\n\n\n<p><strong>Un petit commentaire<\/strong><\/p>\n\n\n\n<p><strong>&nbsp;&nbsp;&nbsp;&nbsp;&nbsp;&nbsp;&nbsp;&nbsp;&nbsp;&nbsp;&nbsp; Une fois de plus, l\u2019historien m\u00e9morialiste de l\u2019Alg\u00e9rie et de la guerre d\u2019Alg\u00e9rie (1954-1962) \u00e0 laquelle il n\u2019a pas particip\u00e9, \u00e9tant donn\u00e9 qu\u2019il a quitt\u00e9 l\u2019Alg\u00e9rie \u00e0 l\u2019\u00e2ge de 12 ans (issu d\u2019une ancienne communaut\u00e9 alg\u00e9rienne), continue \u00e0 faire de l\u2019agit-prop aujourd\u2019hui m\u00e9moriel et hier trotskiste. Des coll\u00e8gues le citent en parlant&nbsp; d\u2019un \u00ab historien engag\u00e9&nbsp;\u00bb.&nbsp;<\/strong><\/p>\n\n\n\n<p><strong>Depuis des ann\u00e9es, avec un \u00e9cho sur le blog, j\u2019ai analys\u00e9 ses d\u00e9clarations et \u00e9crits sur l\u2019objet de cet interview, et \u00ab&nbsp;Error humanum est, perseverare diabolicum&nbsp;\u00bb (1), je continue \u00e0 contester le bienfond\u00e9 du discours Stora, en l\u2019absence de toute enqu\u00eate statistique s\u00e9rieuse sur ce sujet sensible, alors qu\u2019il a lanc\u00e9 ce Schmilblick (2) depuis plus de dix ans&nbsp;!<\/strong><\/p>\n\n\n\n<p><strong>L\u2019int\u00e9ress\u00e9 a beau s\u2019\u00eatre trouv\u00e9 des parrainages dans l\u2019histoire de France, il n\u2019a jamais communiqu\u00e9 sur l\u2019histoire quantitative, celle qui l\u2019aurait fond\u00e9 \u00e0 accr\u00e9diter son discours m\u00e9moriel.<\/strong><\/p>\n\n\n\n<p><strong>Je serais tent\u00e9 de dire qu\u2019une fois de plus le m\u00e9morialiste a trouv\u00e9 une oreille attentive et compatissante aupr\u00e8s d\u2019un grand journal de l\u2019Ouest, lequel avait l\u2019occasion de confronter un tel discours \u00e0 celui par exemple de deux autres historiens, Pierre Vermeren ou Jean S\u00e9villia.<\/strong><\/p>\n\n\n\n<p><strong>Jean Pierre Renaud&nbsp; Ancien Officier SAS du Contingent<\/strong><\/p>\n\n\n\n<ol class=\"wp-block-list\">\n<li><strong>Voir \u00ab&nbsp;Citation du Jour Ouest France&nbsp;\u00bb<\/strong><\/li>\n\n\n\n<li><strong>Objet imaginaire, Pierre Dac, 1950<\/strong><\/li>\n<\/ol>\n","protected":false},"excerpt":{"rendered":"<p>Par Benjamin Stora Interview Fr\u00e9d\u00e9ric Herv\u00e9 et St\u00e9phane Vernay dans Ouest France des 19-20 f\u00e9vrier 2022, page 6 Un petit commentaire &nbsp;&nbsp;&nbsp;&nbsp;&nbsp;&nbsp;&nbsp;&nbsp;&nbsp;&nbsp;&nbsp; Une fois de plus, l\u2019historien m\u00e9morialiste de l\u2019Alg\u00e9rie et de la guerre d\u2019Alg\u00e9rie (1954-1962) \u00e0 laquelle il n\u2019a pas particip\u00e9, \u00e9tant donn\u00e9 qu\u2019il a quitt\u00e9 l\u2019Alg\u00e9rie \u00e0 l\u2019\u00e2ge de 12 ans (issu d\u2019une &hellip; <a href=\"https:\/\/www.eh-tique-media-tique.com\/index.php\/2022\/02\/23\/lalgerie-netait-pas-comme-les-autres-colonies\/\" class=\"more-link\">Continuer la lecture<span class=\"screen-reader-text\"> de &laquo;&nbsp;\u00ab\u00a0L\u2019Alg\u00e9rie n\u2019\u00e9tait pas comme les autres colonies\u00a0\u00bb&nbsp;&raquo;<\/span><\/a><\/p>\n","protected":false},"author":1,"featured_media":0,"comment_status":"open","ping_status":"open","sticky":false,"template":"","format":"standard","meta":{"footnotes":""},"categories":[2,8,3080,7,11,5,4],"tags":[249,236,273,270,421,280],"class_list":["post-3352","post","type-post","status-publish","format-standard","hentry","category-actualites","category-colonies","category-colonisation-politique-algerie","category-communication","category-guerre","category-histoire","category-politique","tag-afrique","tag-algerie","tag-colonies","tag-france","tag-histoire","tag-politique"],"_links":{"self":[{"href":"https:\/\/www.eh-tique-media-tique.com\/index.php\/wp-json\/wp\/v2\/posts\/3352","targetHints":{"allow":["GET"]}}],"collection":[{"href":"https:\/\/www.eh-tique-media-tique.com\/index.php\/wp-json\/wp\/v2\/posts"}],"about":[{"href":"https:\/\/www.eh-tique-media-tique.com\/index.php\/wp-json\/wp\/v2\/types\/post"}],"author":[{"embeddable":true,"href":"https:\/\/www.eh-tique-media-tique.com\/index.php\/wp-json\/wp\/v2\/users\/1"}],"replies":[{"embeddable":true,"href":"https:\/\/www.eh-tique-media-tique.com\/index.php\/wp-json\/wp\/v2\/comments?post=3352"}],"version-history":[{"count":1,"href":"https:\/\/www.eh-tique-media-tique.com\/index.php\/wp-json\/wp\/v2\/posts\/3352\/revisions"}],"predecessor-version":[{"id":3353,"href":"https:\/\/www.eh-tique-media-tique.com\/index.php\/wp-json\/wp\/v2\/posts\/3352\/revisions\/3353"}],"wp:attachment":[{"href":"https:\/\/www.eh-tique-media-tique.com\/index.php\/wp-json\/wp\/v2\/media?parent=3352"}],"wp:term":[{"taxonomy":"category","embeddable":true,"href":"https:\/\/www.eh-tique-media-tique.com\/index.php\/wp-json\/wp\/v2\/categories?post=3352"},{"taxonomy":"post_tag","embeddable":true,"href":"https:\/\/www.eh-tique-media-tique.com\/index.php\/wp-json\/wp\/v2\/tags?post=3352"}],"curies":[{"name":"wp","href":"https:\/\/api.w.org\/{rel}","templated":true}]}}