{"id":3366,"date":"2022-02-04T13:48:00","date_gmt":"2022-02-04T12:48:00","guid":{"rendered":"https:\/\/www.eh-tique-media-tique.com\/?p=3366"},"modified":"2024-01-05T13:50:27","modified_gmt":"2024-01-05T12:50:27","slug":"accords-devian","status":"publish","type":"post","link":"https:\/\/www.eh-tique-media-tique.com\/index.php\/2022\/02\/04\/accords-devian\/","title":{"rendered":"Accords d\u2019\u00c9vian"},"content":{"rendered":"\n<p><strong>Guerre d\u2019Alg\u00e9rie 1954-1962<\/strong><\/p>\n\n\n\n<p><strong>Appel aux&nbsp;<\/strong><strong>Anciens<\/strong><strong>&nbsp;du Contingent et \u00e0 leurs familles&nbsp;!<\/strong><\/p>\n\n\n\n<p><strong>Boycottons la comm\u00e9moration Pr\u00e9sidentielle des Accords d\u2019\u00c9vian du 19 mars 2022&nbsp;!<\/strong><\/p>\n\n\n\n<p><strong>En 1962, les Fran\u00e7ais ont fait Ouf&nbsp;!<\/strong><\/p>\n\n\n\n<ol class=\"wp-block-list\">\n<li><strong>La France a abandonn\u00e9 le pouvoir \u00e0 un FLN, toujours au pouvoir soixante ans apr\u00e8s, alors qu\u2019il n\u2019a jamais respect\u00e9 les accords d\u2019Evian.<\/strong><\/li>\n\n\n\n<li><strong>En abandonnant tous ceux, hommes ou femmes de France ou d\u2019Alg\u00e9rie qui avaient cru \u00e0 la parole de la France.<\/strong><\/li>\n<\/ol>\n\n\n\n<p><strong>&amp;<\/strong><\/p>\n\n\n\n<p><strong>Le Pr\u00e9sident actuel est &nbsp;\u00ab&nbsp;brouill\u00e9&nbsp;\u00bb avec l\u2019Histoire de France et avec l\u2019Histoire de nos fr\u00e8res et de nos s\u0153urs d\u2019armes en Alg\u00e9rie.&nbsp; Jean-Marie Rouart<\/strong><\/p>\n\n\n\n<p><strong>(Le Figaro du 13 d\u00e9cembre 2021, page 18)<\/strong><\/p>\n\n\n\n<p><strong><em>\u00ab&nbsp;Emmanuel Macron, cinq ans de brouilles avec l\u2019Histoire de France&nbsp;\u00bb<\/em><\/strong><\/p>\n\n\n\n<p><strong><em>Une citation de Jean-Marie Rouart<\/em><\/strong><\/p>\n\n\n\n<p><strong><em>\u00ab\u2026&nbsp;En mati\u00e8re d\u2019Histoire, ce compendium de la folie et de l\u2019incons\u00e9quence des hommes, Emmanuel Macron a tout faux. L\u2019ayant montr\u00e9 jusqu\u2019\u00e0 plus soif dans ses d\u00e9clarations sur la colonisation \u00ab&nbsp;crime contre l\u2019humanit\u00e9&nbsp;\u00bb, son appel \u00e0 la \u00ab&nbsp;d\u00e9construction de l\u2019histoire de France&nbsp;\u00bb, son d\u00e9ni de la \u00ab&nbsp;culture fran\u00e7aise&nbsp;\u00bb, il pers\u00e9v\u00e8re en ouvrant avec une insigne l\u00e9g\u00e8ret\u00e9 les archives de la guerre d\u2019Alg\u00e9rie et en faisant appel aux historiens pour&nbsp; b\u00e2tir une histoire europ\u00e9enne\u2026&nbsp;\u00bb<\/em><\/strong><\/p>\n\n\n\n<p><strong>&amp;<\/strong><\/p>\n\n\n\n<p><strong>Non, Monsieur Macron, notre sacrifice pour la France m\u00e9rite mieux que celui d\u2019\u00eatre un des joujoux d\u2019un cam\u00e9l\u00e9on m\u00e9moriel&nbsp;: un coup d\u2019un c\u00f4t\u00e9, un coup de l\u2019autre, et ainsi de suite,&nbsp; dans votre marketing politique de r\u00e9\u00e9lection&nbsp;!<\/strong><\/p>\n\n\n\n<p><strong>Non, Monsieur Macron, vous n\u2019\u00eates pas un exemple pour la jeunesse de la France&nbsp;!<\/strong><\/p>\n\n\n\n<p><strong>&amp;<\/strong><\/p>\n\n\n\n<p><strong>Nous Boycotterons cette Comm\u00e9moration Pr\u00e9sidentielle<\/strong><\/p>\n\n\n\n<p><strong>Jean Pierre Renaud<\/strong><\/p>\n\n\n\n<p><strong>Ancien Officier SAS<\/strong><\/p>\n\n\n\n<p><strong>Soummam &#8211; Alg\u00e9rie 1959-1960<\/strong><\/p>\n\n\n\n<p><strong>Deux images de ce conflit puis\u00e9es dans mon livre de souvenirs&nbsp;:<\/strong><\/p>\n\n\n\n<p><strong>La premi\u00e8re<\/strong><\/p>\n\n\n\n<p><strong><em>\u00ab&nbsp;Chemini le 9 janvier 1960<\/em><\/strong><\/p>\n\n\n\n<p><strong><em>\u00ab&nbsp;\u2026 Ce soir mon garde du corps Kabyle m\u2019a fait cadeau d\u2019une couverture. Il multiplie les gestes gentils.<\/em><\/strong><\/p>\n\n\n\n<p><strong><em>\u00ab&nbsp;Il faut faire plaisir \u00e0 mon lieutenant. C\u2019est la premi\u00e8re fois que je re\u00e7ois une carte de France depuis six ans. Vous m\u2019avez rattach\u00e9 \u00e0 la vie.&nbsp;\u00bb<\/em><\/strong><\/p>\n\n\n\n<p><strong><em>Je lui en avais envoy\u00e9 &nbsp;une. C\u2019est mon chauffeur et mon garde du corps et le seul moghazni (que j\u2019ai avec moi). Ancien chef terroriste d\u2019un village de ma circonscription, presque tu\u00e9 au cours d\u2019une op\u00e9ration en juin 1959, fait prisonnier, d\u00e9go\u00fbt\u00e9 de la vie de fellagha, je l\u2019ai pris avec moi en octobre 1959\u2026&nbsp;\u00bb (page 142)<\/em><\/strong><\/p>\n\n\n\n<p><strong>C\u2019\u00e9tait un type formidable (Belaloui). Je lui avais envoy\u00e9 cette carte au cours de ma permission de No\u00ebl 1959.<\/strong><\/p>\n\n\n\n<p><strong>La deuxi\u00e8me<\/strong><\/p>\n\n\n\n<p><strong>\u00ab&nbsp;&nbsp;<em>Vieux March\u00e9 le 26 avril 1960<\/em><\/strong><\/p>\n\n\n\n<p><strong><em>\u00ab&nbsp;\u2026 Ce matin, au passage, sur la route, des enfants m\u2019ont jet\u00e9 des bouquets de fleurs dans la jeep. Au retour, j\u2019en ai ramen\u00e9 quatre pour leur faire faire un tour de jeep. J\u2019ai mis leurs fleurs en vrac sur la table, un vrai d\u00e9cor champ\u00eatre\u2026&nbsp;\u00bb<\/em><\/strong><\/p>\n\n\n\n<p><strong>Jean Pierre Renaud&nbsp;&nbsp;&nbsp;&nbsp;&nbsp;&nbsp;&nbsp; Tous droits r\u00e9serv\u00e9s<\/strong><\/p>\n","protected":false},"excerpt":{"rendered":"<p>Guerre d\u2019Alg\u00e9rie 1954-1962 Appel aux&nbsp;Anciens&nbsp;du Contingent et \u00e0 leurs familles&nbsp;! Boycottons la comm\u00e9moration Pr\u00e9sidentielle des Accords d\u2019\u00c9vian du 19 mars 2022&nbsp;! En 1962, les Fran\u00e7ais ont fait Ouf&nbsp;! &amp; Le Pr\u00e9sident actuel est &nbsp;\u00ab&nbsp;brouill\u00e9&nbsp;\u00bb avec l\u2019Histoire de France et avec l\u2019Histoire de nos fr\u00e8res et de nos s\u0153urs d\u2019armes en Alg\u00e9rie.&nbsp; Jean-Marie Rouart (Le Figaro &hellip; <a href=\"https:\/\/www.eh-tique-media-tique.com\/index.php\/2022\/02\/04\/accords-devian\/\" class=\"more-link\">Continuer la lecture<span class=\"screen-reader-text\"> de &laquo;&nbsp;Accords d\u2019\u00c9vian&nbsp;&raquo;<\/span><\/a><\/p>\n","protected":false},"author":1,"featured_media":0,"comment_status":"open","ping_status":"open","sticky":false,"template":"","format":"standard","meta":{"footnotes":""},"categories":[2,8,3080,7,6,11,5,4],"tags":[249,236,273,270,310,397,280],"class_list":["post-3366","post","type-post","status-publish","format-standard","hentry","category-actualites","category-colonies","category-colonisation-politique-algerie","category-communication","category-culture","category-guerre","category-histoire","category-politique","tag-afrique","tag-algerie","tag-colonies","tag-france","tag-guerre","tag-le-figaro","tag-politique"],"_links":{"self":[{"href":"https:\/\/www.eh-tique-media-tique.com\/index.php\/wp-json\/wp\/v2\/posts\/3366","targetHints":{"allow":["GET"]}}],"collection":[{"href":"https:\/\/www.eh-tique-media-tique.com\/index.php\/wp-json\/wp\/v2\/posts"}],"about":[{"href":"https:\/\/www.eh-tique-media-tique.com\/index.php\/wp-json\/wp\/v2\/types\/post"}],"author":[{"embeddable":true,"href":"https:\/\/www.eh-tique-media-tique.com\/index.php\/wp-json\/wp\/v2\/users\/1"}],"replies":[{"embeddable":true,"href":"https:\/\/www.eh-tique-media-tique.com\/index.php\/wp-json\/wp\/v2\/comments?post=3366"}],"version-history":[{"count":1,"href":"https:\/\/www.eh-tique-media-tique.com\/index.php\/wp-json\/wp\/v2\/posts\/3366\/revisions"}],"predecessor-version":[{"id":3367,"href":"https:\/\/www.eh-tique-media-tique.com\/index.php\/wp-json\/wp\/v2\/posts\/3366\/revisions\/3367"}],"wp:attachment":[{"href":"https:\/\/www.eh-tique-media-tique.com\/index.php\/wp-json\/wp\/v2\/media?parent=3366"}],"wp:term":[{"taxonomy":"category","embeddable":true,"href":"https:\/\/www.eh-tique-media-tique.com\/index.php\/wp-json\/wp\/v2\/categories?post=3366"},{"taxonomy":"post_tag","embeddable":true,"href":"https:\/\/www.eh-tique-media-tique.com\/index.php\/wp-json\/wp\/v2\/tags?post=3366"}],"curies":[{"name":"wp","href":"https:\/\/api.w.org\/{rel}","templated":true}]}}