{"id":3368,"date":"2022-01-28T13:50:00","date_gmt":"2022-01-28T12:50:00","guid":{"rendered":"https:\/\/www.eh-tique-media-tique.com\/?p=3368"},"modified":"2024-01-05T13:53:08","modified_gmt":"2024-01-05T12:53:08","slug":"lislam-en-france","status":"publish","type":"post","link":"https:\/\/www.eh-tique-media-tique.com\/index.php\/2022\/01\/28\/lislam-en-france\/","title":{"rendered":"L\u2019Islam en France"},"content":{"rendered":"\n<p><strong>Le \u00ab&nbsp;Biais&nbsp;\u00bb statistique \u00ab&nbsp;Intime&nbsp;\u00bb&nbsp;?<\/strong><\/p>\n\n\n\n<p><strong>Questions sur les sondages<\/strong><\/p>\n\n\n\n<p><strong>L\u2019exemple du sondage sur la population musulmane&nbsp;en 2019 ?<\/strong><\/p>\n\n\n\n<p><strong>IFOP Le Point Fondation Jean Jaur\u00e8s<\/strong><\/p>\n\n\n\n<p><strong>JF\/FK N\u00b0116&nbsp;646 Septembre 2019<\/strong><\/p>\n\n\n\n<p><strong>Cit\u00e9 par Mme Fatiha<\/strong><strong>Agag-Boudjahlat<\/strong><\/p>\n\n\n\n<p><strong>\u00ab&nbsp;Etude aupr\u00e8s de la population musulmane en France, 30 ans apr\u00e8s l\u2019affaire des foulards de Creil&nbsp;\u00bb<\/strong><\/p>\n\n\n\n<p><strong>Br\u00e8ve d\u00e9finition du concept \u00ab&nbsp;biais&nbsp;\u00bb&nbsp;:<\/strong><\/p>\n\n\n\n<p><strong>Dans une enqu\u00eate statistique, caract\u00e9ristique d\u2019une question ou d\u2019une d\u00e9marche qui a pour cons\u00e9quence de g\u00e9n\u00e9rer des erreurs dans les r\u00e9sultats ou l\u2019interpr\u00e9tation des r\u00e9sultats de l\u2019enqu\u00eate.<\/strong><\/p>\n\n\n\n<p><strong>Notre petit r\u00e9sum\u00e9&nbsp;:<\/strong><\/p>\n\n\n\n<p><strong>Du 26\/08\/2019 au 9\/09\/2019&nbsp;: un \u00e9chantillon de 1012 personnes<\/strong><\/p>\n\n\n\n<p><strong>Nos questions&nbsp;?<\/strong><\/p>\n\n\n\n<p><strong>La base de calcul de la population&nbsp;? Comment \u00e9tablir la base de calcul d\u2019un \u00e9chantillon repr\u00e9sentatif d\u2019une population mal identifi\u00e9e&nbsp;? De personnes de religion ou d\u2019origine musulmane&nbsp;?<\/strong><\/p>\n\n\n\n<p><strong><u>La m\u00e9thodologie<\/u><\/strong><strong>&nbsp;:<\/strong><\/p>\n\n\n\n<p><strong>En 2019, sur un \u00e9chantillon 1012 personnes repr\u00e9sentatif de la population de religion ou d\u2019origine musulmane \u00e2g\u00e9e de 15 ans et plus interview\u00e9e par t\u00e9l\u00e9phone du 26\/08\/2019 au 9 septembre 2019<\/strong>,&nbsp;<strong>15 ans et plus&nbsp;? Par t\u00e9l\u00e9phone&nbsp;? Sur deux fois quatre jours ouvrables (hors vendredi, samedi, dimanche)&nbsp;?<\/strong><\/p>\n\n\n\n<p><strong>Comment \u00e9tablir une coh\u00e9rence statistique, pour ne pas dire scientifique, avec plusieurs sondages ant\u00e9rieurs sur le m\u00eame sujet avec des \u00e9chantillons de tailles et d\u2019\u00e2ges diff\u00e9rents, 536, plus de 18 ans, en 2010, pour le Figaro, 547 en 2011, plus de 18 ans, pour Marianne, 15&nbsp;459 en 2016, plus de 15 ans, du 13\/04 au 23\/05\/16 pour l\u2019Institut Montaigne&nbsp;?<\/strong><\/p>\n\n\n\n<p><strong><u>Le public vis\u00e9<\/u><\/strong><strong>&nbsp;: Il parait \u00e9vident que ces variations de donn\u00e9es m\u00e9riteraient une explication, d\u2019autant plus qu\u2019il s\u2019agit d\u2019un objet de sondage tr\u00e8s particulier puisqu\u2019il met en cause la vie intime, les convictions des personnes, d\u2019autant plus sensible qu\u2019il s\u2019agit d\u2019un public tr\u00e8s difficile \u00e0 toucher.<\/strong><\/p>\n\n\n\n<p><strong>Il est \u00e9vident que le m\u00eame objet de sondage soul\u00e8verait le m\u00eame type de difficult\u00e9 dans le public chr\u00e9tien ou juif.<\/strong><\/p>\n\n\n\n<p><strong>Le t\u00e9l\u00e9phone n\u2019est s\u00fbrement pas le bon instrument de \u00ab&nbsp;confession&nbsp;\u00bb.<\/strong><\/p>\n\n\n\n<p><strong>Autre question, les dates des sondages&nbsp;? Il parait \u00e9vident que les contextes historiques ont chang\u00e9 entre 2011 et 2019.<\/strong><\/p>\n\n\n\n<p><strong>Le t\u00e9moignage de Fatiha Agag-Boudjahalat dans un livre fort int\u00e9ressant intitul\u00e9 \u00ab&nbsp;<em>Les Nostalg\u00e9riades&nbsp;\u00bb Nostalgie Alg\u00e9rie J\u00e9r\u00e9miades<\/em>&nbsp;\u00bb (pages 71 et suivantes) en dit plus long sur le sujet que mes propres commentaires. L\u2019auteure est n\u00e9e \u00e0 Montb\u00e9liard.<\/strong><\/p>\n\n\n\n<p><strong>L\u2019auteure fait partie du groupe tr\u00e8s dynamique de femmes fran\u00e7aises d\u2019origine musulmane qui luttent contre un patriarcat qui n\u2019a ni fronti\u00e8res, ni religion, notamment la musulmane, que certaines f\u00e9ministes \u00ab&nbsp;bourgeoises&nbsp;\u00bb et \u00ab&nbsp;blanches&nbsp;\u00bb ont tendance \u00e0 cautionner sous un pr\u00e9texte multiculturel.<\/strong><\/p>\n\n\n\n<p><strong>A propos de ce sondage de 2019, qu\u2019elle cite, elle \u00e9crit&nbsp;:&nbsp;<em>\u00ab&nbsp; Ce genre de sondages ou d\u2019\u00e9tudes qui se multiplient sont classiquement biais\u00e9es par l\u2019\u00e9chantillonnage peu repr\u00e9sentatif, souvent trop masculin, par les dates auxquelles ils sont r\u00e9alis\u00e9s, la proximit\u00e9 avec un attentat ou une focalisation dans les m\u00e9dias sur un sujet en lien avec l\u2019islam ou l\u2019int\u00e9gration des enfants d\u2019immigr\u00e9s induiront une posture de d\u00e9fense. Posez n\u2019importe quelle question \u00e0 un musulman sur l\u2019islam, et la r\u00e9ponse sera un acte de foi, quel que soit son degr\u00e9 de pratique religieuse. La question m\u00eame est per\u00e7ue comme une intrusion, voire une agression. Et c\u2019est un acte de foi facile, comme le soulignait avec humour Ali Al-Wardi. Les r\u00e9ponses au sondage de la fondation Jean Jaur\u00e8s \u00e9taient faciles et vaniteuses, parce qu\u2019elles n\u2019engageaient \u00e0 rien, n\u2019exposent \u00e0 aucune cons\u00e9quence, ne se traduisent par aucun effet ou perte d\u2019opportunit\u00e9. La question \u00e9tait donc mal pos\u00e9e. Elle donnait l\u2019impression d\u2019une comp\u00e9tition entre civilisation et style vie musulmans avec la France et son syst\u00e8me politique. R\u00e9pondre que la loi islamique primait \u00e9tait non seulement un acte de foi facile, un doigt d\u2019honneur \u00e0 l\u2019interrogateur, et un \u00e9l\u00e9ment du dispositif d\u2019estime de soi. Ce qu\u2019explique Axel Honneth en ces termes&nbsp;: \u00ab&nbsp;L\u2019honneur ou la dignit\u00e9 traduit le degr\u00e9 d\u2019estime accord\u00e9 \u00e0 la mani\u00e8re dont cette personne se r\u00e9alise dans l\u2019horizon culturel d\u2019une soci\u00e9t\u00e9\u2026.<\/em><\/strong><\/p>\n\n\n\n<p><strong><em>L\u2019existence m\u00eame de ce genre de sondages est v\u00e9cue comme une humiliation qui conduit plus un sond\u00e9 \u00e0 surcompenser par une fanfaronnade. A l\u2019exception des islamistes les plus durs, qui peut souhaiter que s\u2019applique en France la charia en mati\u00e8re p\u00e9nale ou familiale. Ce sondage donne \u00e0 croire qu\u2019il&nbsp;s\u2019agit de juger de la qualit\u00e9, de la reconnaissance de la sup\u00e9riorit\u00e9 d\u2019un mode de vie sur un autre, et la religion intriqu\u00e9e avec l\u2019identit\u00e9 des descendants d\u2019immigr\u00e9s, ces questions humilient. Les musulmans \u00e9tant somm\u00e9s de prendre parti pour la France contre leur culture, beaucoup choisissent de se d\u00e9fendre.&nbsp;\u00bb (pages 72,73,74,75)<\/em><\/strong><\/p>\n\n\n\n<p><strong>Je conclurai cette courte chronique en rappelant le calendrier tout \u00e0 fait curieux de ce sondage, \u00e0 la fin d\u2019un \u00e9t\u00e9 qui a vu sans doute de nombreux immigr\u00e9s ou enfants d\u2019immigr\u00e9s, fran\u00e7ais, binationaux, ou b\u00e9n\u00e9ficiaires d\u2019une carte de s\u00e9jour, aller se reposer dans ce que l\u2019auteure cit\u00e9e plus haut d\u00e9nomme le \u00ab&nbsp;bled&nbsp;\u00bb, c\u2019est \u00e0 dire du 26 ao\u00fbt 2019 au 9 septembre 2019&nbsp;: un bled qui a \u00e9t\u00e9 transform\u00e9 depuis la guerre d\u2019Alg\u00e9rie (1954-1962).<\/strong><\/p>\n\n\n\n<p><strong>Jean Pierre Renaud&nbsp;&nbsp;&nbsp;&nbsp;&nbsp;&nbsp; Tous droits r\u00e9serv\u00e9s<\/strong><\/p>\n\n\n\n<p><strong>&amp;<\/strong><\/p>\n\n\n\n<p><strong><u>Questions m\u00e9morielles&nbsp;: la guerre d\u2019Alg\u00e9rie et&nbsp; les m\u00e9moires coloniales&nbsp;?<\/u><\/strong><\/p>\n\n\n\n<p><strong>Une question pos\u00e9e aux Universit\u00e9s qui ont sans doute peur de s\u2019aventurer dans le domaine des enqu\u00eates statistiques qui troubleraient incontestablement la loi du silence&nbsp;?<\/strong><\/p>\n\n\n\n<p><strong>Ces sujets ont \u00e9t\u00e9 abord\u00e9s et&nbsp; trait\u00e9s \u00e0 de multiples reprises sur le blog en faisant notamment r\u00e9f\u00e9rence aux analyses scientifiques de Maurice Halbwachs sur la m\u00e9moire collective et aux discours m\u00e9moriels de toute&nbsp; nature, trop souvent id\u00e9ologiques ou politiques, qui tentent de se substituer tout \u00e0 la fois \u00e0 l\u2019histoire et aux enqu\u00eates statistiques pertinentes.<\/strong><\/p>\n\n\n\n<p><strong>Le texte ci-dessus revient sur le sujet des sondages&nbsp; et&nbsp; des enqu\u00eates statistiques qui proposent de cerner une partie de ce sujet sensible, et tabou&nbsp;: a-t-on peur de la v\u00e9rit\u00e9&nbsp;? Est-ce que l\u2019Universit\u00e9 ne devrait pas prendre une initiative, qui l\u2019honorerait, d\u2019une grande enqu\u00eate statistique s\u00e9rieuse et transparente sur le sujet&nbsp;?<\/strong><\/p>\n\n\n\n<p><strong>Il y a quelques ann\u00e9es, la Fondation Jean Jaur\u00e8s s\u2019\u00e9tait empar\u00e9e d\u2019une partie du sujet, mais sans convaincre, comme je l\u2019avais expliqu\u00e9 sur le blog du 29\/01\/2015, voir&nbsp; ci-dessous&nbsp;:<\/strong><\/p>\n\n\n\n<p><strong>I<\/strong><strong>FOP et Guerre d\u2019Alg\u00e9rie&nbsp;: une enqu\u00eate de m\u00e9moire pertinente&nbsp;?<\/strong><\/p>\n\n\n\n<p><strong>L\u2019enqu\u00eate IFOP d\u2019octobre 2014 pour la Fondation Jean Jaur\u00e8s et le journal Le Monde&nbsp;:<\/strong><\/p>\n\n\n\n<p><strong>\u00ab&nbsp;Le regard des Fran\u00e7ais sur la Guerre d\u2019Alg\u00e9rie, soixante ans apr\u00e8s la \u00ab&nbsp;Toussaint rouge&nbsp;\u00bb<\/strong><\/p>\n\n\n\n<p><strong>Les r\u00e9sultats de l\u2019\u00e9tude&nbsp;:<\/strong><\/p>\n\n\n\n<p><strong>\u00ab&nbsp;A&nbsp;<em>&#8211; Le souvenir spontan\u00e9 et les repr\u00e9sentations associ\u00e9es \u00e0 la Guerre d\u2019Alg\u00e9rie&nbsp;\u00bb<\/em><\/strong><\/p>\n\n\n\n<p><strong><em>B &#8211; La m\u00e9moire de la colonisation et de la Guerre d\u2019Alg\u00e9rie et les relations franco-alg\u00e9riennes&nbsp;\u00bb<\/em><\/strong><\/p>\n\n\n\n<p><strong>La Fondation Jean Jaur\u00e8s m\u2019a communiqu\u00e9 les r\u00e9sultats de cette enqu\u00eate et je la remercie<\/strong><\/p>\n\n\n\n<p><strong>Les questions que pose cette enqu\u00eate&nbsp;?<\/strong><\/p>\n\n\n\n<p><strong>&nbsp;&nbsp;&nbsp;&nbsp;&nbsp;&nbsp;&nbsp;&nbsp;&nbsp;&nbsp;&nbsp; Questions sur le langage tout d\u2019abord&nbsp;?<\/strong><\/p>\n\n\n\n<p><strong>&nbsp;&nbsp;&nbsp;&nbsp;&nbsp;&nbsp;&nbsp;&nbsp;&nbsp;&nbsp;&nbsp; Est-il possible de cerner le sujet de la m\u00e9moire que les Fran\u00e7ais ont, en 2014, de la guerre d\u2019Alg\u00e9rie, en associant dans la grille du questionnaire des concepts aussi diff\u00e9rents, pour ne pas dire ambigus, contradictoires, ou faussement compr\u00e9hensifs au sens \u00ab&nbsp;logique&nbsp;\u00bb, que&nbsp;<em>\u00ab&nbsp;regard<\/em>&nbsp;\u00bb, \u00ab&nbsp;<em>souvenir spontan\u00e9&nbsp;<\/em>\u00bb \u00ab&nbsp;<em>repr\u00e9sentations associ\u00e9es<\/em>&nbsp;\u00bb \u00ab&nbsp;<em>m\u00e9moire de la colonisation et de la<\/em>&nbsp;<em>Guerre d\u2019Alg\u00e9rie<\/em>&nbsp;\u00bb, \u00ab&nbsp;<em>Contemporains de la guerre d\u2019Alg\u00e9rie<\/em>&nbsp;\u00bb ?<\/strong><\/p>\n\n\n\n<p><strong>&nbsp;&nbsp;&nbsp;&nbsp;&nbsp;&nbsp;&nbsp;&nbsp;&nbsp;&nbsp;&nbsp; Les \u00ab&nbsp;<em>contemporains de la guerre d\u2019Alg\u00e9rie&nbsp;\u00bb<\/em>&nbsp;auraient de nos jours plus de 65 ans, et concernent les deux derni\u00e8res tranches d\u2019\u00e2ge de cette enqu\u00eate&nbsp;: les r\u00e9ponses aux questions pos\u00e9es sont \u2013elles donc repr\u00e9sentatives&nbsp;?<\/strong><\/p>\n\n\n\n<p>&nbsp;&nbsp;&nbsp;&nbsp;&nbsp;&nbsp;&nbsp;&nbsp;&nbsp;&nbsp;&nbsp;&nbsp;<strong><em>\u00ab&nbsp;M\u00e9moire de la colonisation et de la Guerre d\u2019Alg\u00e9rie<\/em><\/strong>&nbsp;\u00bb, un titre qui laisse \u00e0 penser qu\u2019il y a eu confusion entre la colonisation et l\u2019Alg\u00e9rie, ce qui est inexact, m\u00eame si certains chercheurs ou m\u00eame historiens veulent nous faire croire le contraire.<\/p>\n\n\n\n<p>&nbsp;&nbsp;&nbsp;&nbsp;&nbsp;&nbsp;&nbsp;&nbsp;&nbsp;&nbsp;&nbsp;&nbsp;<strong>Questions sur la grille du questionnaire en deuxi\u00e8me lieu&nbsp;?<\/strong><\/p>\n\n\n\n<p><strong>&nbsp;&nbsp;&nbsp;&nbsp;&nbsp;&nbsp;&nbsp;&nbsp;&nbsp;&nbsp;&nbsp; Avant d\u2019aller dans les deux parties de cette enqu\u00eate, une double question pr\u00e9alable de m\u00e9thodologie&nbsp;:<\/strong><\/p>\n\n\n\n<ul class=\"wp-block-list\">\n<li><strong>&nbsp;celle qui dans la partie A questionne toutes les classes d\u2019\u00e2ge sur des contenus qui s\u2019inscrivent dans une grille de chronologie qui manque de pertinence avec ces classes d\u2019\u00e2ge,<\/strong><\/li>\n\n\n\n<li><strong>&nbsp;et celle&nbsp; qui fait la distinction pertinente entre les \u00ab&nbsp;contemporains&nbsp;\u00bb et les autres, mais sans donner la d\u00e9finition statistique du questionn\u00e9 \u00ab&nbsp;contemporain&nbsp;\u00bb.<\/strong><\/li>\n<\/ul>\n\n\n\n<p><strong><em>A \u2013 Le souvenir spontan\u00e9 et les repr\u00e9sentations associ\u00e9es \u00e0 la Guerre d\u2019Alg\u00e9rie<\/em><\/strong><\/p>\n\n\n\n<p><strong><em>&nbsp;&nbsp;&nbsp;&nbsp;&nbsp;&nbsp;&nbsp;&nbsp;&nbsp;&nbsp;&nbsp; Question &#8211; L\u2019\u00e9v\u00e9nement le plus marquant de la guerre d\u2019Alg\u00e9rie, c\u2019est\u2026&nbsp;? En premier&nbsp;? En deuxi\u00e8me&nbsp;? En troisi\u00e8me&nbsp;?<\/em><\/strong><\/p>\n\n\n\n<p>&nbsp;&nbsp;&nbsp;&nbsp;&nbsp;&nbsp;&nbsp;&nbsp;&nbsp;&nbsp;&nbsp;&nbsp;&nbsp;&nbsp;&nbsp;&nbsp;<strong>Sont \u00e9num\u00e9r\u00e9s les \u00e9v\u00e9nements cit\u00e9s par le questionnaire qui viennent dans l\u2019ordre suivant en pourcentage des citations<\/strong>&nbsp;:<\/p>\n\n\n\n<p>&nbsp;&nbsp;&nbsp;&nbsp;&nbsp;&nbsp;&nbsp;&nbsp;&nbsp;&nbsp;&nbsp; L\u2019arriv\u00e9e des pieds noirs (59%), une guerre de lib\u00e9ration (54%), le retour du g\u00e9n\u00e9ral de Gaulle (41%), une d\u00e9faite pour la France (38%), l\u2019abandon des harkis (38%), les attentats du FLN ( 29%), le recours \u00e0 la torture par l\u2019arm\u00e9e fran\u00e7aise (27%), le putsch des G\u00e9n\u00e9raux et l\u2019OAS (14 %).<\/p>\n\n\n\n<p>&nbsp;&nbsp;&nbsp;&nbsp;&nbsp;&nbsp;&nbsp;&nbsp;&nbsp;&nbsp;&nbsp;&nbsp;<strong>L\u2019institut publie en page 8 une grille tr\u00e8s sophistiqu\u00e9e des questionnaires par personne interrog\u00e9e, une structure dont au moins un des \u00e9l\u00e9ments fait probl\u00e8me, celui des \u00e2ges&nbsp;:<\/strong><\/p>\n\n\n\n<p>&nbsp;&nbsp;&nbsp;&nbsp;&nbsp;&nbsp;&nbsp;&nbsp;&nbsp;&nbsp;&nbsp;&nbsp;<strong>Age de l\u2019interview\u00e9(e)<\/strong><\/p>\n\n\n\n<p><strong>Moins de 35 ans<\/strong><\/p>\n\n\n\n<p>18 \u00e0 24 ans<\/p>\n\n\n\n<p>25 \u00e0 34 ans<\/p>\n\n\n\n<p><strong>35 ans et plus<\/strong><\/p>\n\n\n\n<p>35 \u00e0 49 ans<\/p>\n\n\n\n<p>50 \u00e0 64 ans<\/p>\n\n\n\n<p>65 \u00e0 69 ans<\/p>\n\n\n\n<p>70 ans et plus<\/p>\n\n\n\n<p>&nbsp;&nbsp;&nbsp;&nbsp;&nbsp;&nbsp;&nbsp;&nbsp;&nbsp;&nbsp;&nbsp;&nbsp;<strong>Il parait tout de m\u00eame difficile d\u2019admettre que les g\u00e9n\u00e9rations n\u00e9es apr\u00e8s 1962, aient pu avoir un \u00ab&nbsp;souvenir spontan\u00e9&nbsp;\u00bb de la plupart, sinon de presque tous les \u00e9v\u00e9nements cit\u00e9s.<\/strong><\/p>\n\n\n\n<p><strong>Outre le fait, que ce questionnement ne tient pas compte de la composition du public interrog\u00e9, ancien pied noir ou descendant, fran\u00e7ais immigr\u00e9 ou harki, etc \u2026, une m\u00e9thode statistique qui fait peser une suspicion l\u00e9gitime suppl\u00e9mentaire sur la repr\u00e9sentativit\u00e9 de cette enqu\u00eate.<\/strong><\/p>\n\n\n\n<p><strong>&nbsp;&nbsp;&nbsp;&nbsp;&nbsp;&nbsp;&nbsp;&nbsp;&nbsp;&nbsp;&nbsp; Le m\u00eame type de suspicion l\u00e9gitime peut exister pour la question suivante&nbsp;&#8211; :<\/strong><\/p>\n\n\n\n<p><strong>\u00ab&nbsp;&nbsp;<em>Le jugement sur le comportement de la France \u00e0 l\u2019\u00e9gard des diff\u00e9rentes populations concern\u00e9es par la guerre d\u2019Alg\u00e9rie<\/em><\/strong><\/p>\n\n\n\n<p><strong><em>Question&nbsp;: diriez-vous que depuis la fin de la Guerre d\u2019Alg\u00e9rie jusqu\u2019\u00e0 aujourd\u2019hui, la France s\u2019est plut\u00f4t bien ou mal comport\u00e9e&nbsp;&nbsp; ?<\/em><\/strong><\/p>\n\n\n\n<p><strong><em>A l\u2019\u00e9gard les Pieds Noirs, le peuple alg\u00e9rien, les Fran\u00e7ais issus de l\u2019immigration alg\u00e9rienne, les Harkis (c\u2019est-\u00e0-dire les Alg\u00e9riens favorables \u00e0 l\u2019Alg\u00e9rie fran\u00e7aise<\/em><\/strong><strong>)&nbsp;\u00bb<\/strong><\/p>\n\n\n\n<p><strong>en interrogeant donc une population fran\u00e7aise qui, dans ses \u00e2ges et ses origines, ne peut pas, sur le plan historique, porter un tel jugement, d\u2019autant moins si l\u2019enqu\u00eate ne tient aucun compte du nombre de personnes interrog\u00e9es qui sont pr\u00e9cis\u00e9ment issues des diff\u00e9rents courants de population impliqu\u00e9s<\/strong>.<\/p>\n\n\n\n<p><strong><em>B \u2013 La m\u00e9moire de la colonisation et de la Guerre d\u2019Alg\u00e9rie et les relations franco-alg\u00e9riennes<\/em><\/strong><\/p>\n\n\n\n<p><strong><em>L\u2019impact de l\u2019ind\u00e9pendance pour l\u2019Alg\u00e9rie et pour la France<\/em><\/strong><\/p>\n\n\n\n<p>&nbsp;&nbsp;&nbsp;&nbsp;&nbsp;&nbsp;&nbsp;&nbsp;&nbsp;&nbsp;&nbsp;&nbsp;<strong>Comment mettre sur le m\u00eame pied la m\u00e9moire de la colonisation et celle d\u2019Alg\u00e9rie, m\u00eame si un historien bien connu a tendance \u00e0 confondre&nbsp; ces deux m\u00e9moires, sans jamais avoir pris l\u2019initiative de les faire \u00e0 la fois mesurer et distinguer&nbsp;?<\/strong><\/p>\n\n\n\n<p>&nbsp;&nbsp;&nbsp;&nbsp;&nbsp;&nbsp;&nbsp;&nbsp;&nbsp;&nbsp;&nbsp; Comment, telle qu\u2019est r\u00e9dig\u00e9e cette question, se mettre \u00e0 la place de l\u2019Alg\u00e9rie&nbsp;?<\/p>\n\n\n\n<p>&nbsp;&nbsp;&nbsp;&nbsp;&nbsp;&nbsp;&nbsp;&nbsp;&nbsp;&nbsp;&nbsp;&nbsp;<strong><em>Question&nbsp;: Diriez-vous que l\u2019ind\u00e9pendance de l\u2019Alg\u00e9rie a \u00e9t\u00e9 une bonne ou mauvaise chose\u2026&nbsp;?<\/em><\/strong><\/p>\n\n\n\n<p><strong>&nbsp;&nbsp;&nbsp;&nbsp;&nbsp;&nbsp;&nbsp;&nbsp;&nbsp;&nbsp;&nbsp; A la diff\u00e9rence de la question pr\u00e9c\u00e9dente, le questionnaire fait la distinction entre contemporains de la guerre d\u2019Alg\u00e9rie et les autres non sp\u00e9cifi\u00e9s, mais sans donner la d\u00e9finition retenue pour les \u00ab&nbsp;contemporains&nbsp;\u00bb<\/strong><\/p>\n\n\n\n<p><strong>&nbsp;&nbsp;&nbsp;&nbsp;&nbsp;&nbsp;&nbsp;&nbsp;&nbsp;&nbsp;&nbsp; Comme nous l\u2019avons indiqu\u00e9 plus haut, cette absence de d\u00e9finition, aussi bien sur le plan du langage que sur le plan de sa repr\u00e9sentativit\u00e9 statistique, fait peser un s\u00e9rieux doute sur les r\u00e9sultats propos\u00e9s.<\/strong><\/p>\n\n\n\n<p>&nbsp;&nbsp;&nbsp;&nbsp;&nbsp;&nbsp;&nbsp;&nbsp;&nbsp;&nbsp;&nbsp;&nbsp;<em>\u00ab&nbsp;La place accord\u00e9e \u00e0 la guerre d\u2019Alg\u00e9rie dans les m\u00e9dias et \u00e0 l\u2019\u00e9cole&nbsp;\u00bb<\/em><\/p>\n\n\n\n<p><strong><em>Question&nbsp;: Selon vous, avez-vous l\u2019impression que l\u2019on parle trop, pas assez ou comme il faut de la Guerre d\u2019Alg\u00e9rie&nbsp;?<\/em><\/strong><\/p>\n\n\n\n<p>Le questionnaire distingue \u00e0 nouveau entre les \u00ab&nbsp;contemporains&nbsp;\u00bb et les autres, mais il parait difficile d\u2019interroger les \u00ab&nbsp;contemporains&nbsp;\u00bb de cette guerre sur ce qui se passe \u00e0 l\u2019\u00e9cole, sauf \u00e0 avoir interrog\u00e9 les enseignants et peut-\u00eatre les parents d\u2019\u00e9l\u00e8ve.<\/p>\n\n\n\n<p><strong>En conclusion, cette enqu\u00eate apporte quelques lumi\u00e8res sur le sujet de la m\u00e9moire de la guerre d\u2019Alg\u00e9rie, mais il est regrettable que celle-ci n\u2019ait pas proc\u00e9d\u00e9 \u00e0 un cadrage statistique rigoureux des questions pos\u00e9es par rapport au public interrog\u00e9, avec des impasses qui font peser une suspicion l\u00e9gitime sur ses r\u00e9sultats.<\/strong><\/p>\n\n\n\n<p><strong>Jean Pierre Renaud&nbsp;&nbsp;&nbsp; Tous droits r\u00e9serv\u00e9s<\/strong><\/p>\n","protected":false},"excerpt":{"rendered":"<p>Le \u00ab&nbsp;Biais&nbsp;\u00bb statistique \u00ab&nbsp;Intime&nbsp;\u00bb&nbsp;? Questions sur les sondages L\u2019exemple du sondage sur la population musulmane&nbsp;en 2019 ? IFOP Le Point Fondation Jean Jaur\u00e8s JF\/FK N\u00b0116&nbsp;646 Septembre 2019 Cit\u00e9 par Mme FatihaAgag-Boudjahlat \u00ab&nbsp;Etude aupr\u00e8s de la population musulmane en France, 30 ans apr\u00e8s l\u2019affaire des foulards de Creil&nbsp;\u00bb Br\u00e8ve d\u00e9finition du concept \u00ab&nbsp;biais&nbsp;\u00bb&nbsp;: Dans une enqu\u00eate &hellip; <a href=\"https:\/\/www.eh-tique-media-tique.com\/index.php\/2022\/01\/28\/lislam-en-france\/\" class=\"more-link\">Continuer la lecture<span class=\"screen-reader-text\"> de &laquo;&nbsp;L\u2019Islam en France&nbsp;&raquo;<\/span><\/a><\/p>\n","protected":false},"author":1,"featured_media":0,"comment_status":"open","ping_status":"open","sticky":false,"template":"","format":"standard","meta":{"footnotes":""},"categories":[2,8,3080,7,6,5,10,4],"tags":[249,236,270,310,3150,3151],"class_list":["post-3368","post","type-post","status-publish","format-standard","hentry","category-actualites","category-colonies","category-colonisation-politique-algerie","category-communication","category-culture","category-histoire","category-immigration","category-politique","tag-afrique","tag-algerie","tag-france","tag-guerre","tag-poucentages","tag-statistique"],"_links":{"self":[{"href":"https:\/\/www.eh-tique-media-tique.com\/index.php\/wp-json\/wp\/v2\/posts\/3368","targetHints":{"allow":["GET"]}}],"collection":[{"href":"https:\/\/www.eh-tique-media-tique.com\/index.php\/wp-json\/wp\/v2\/posts"}],"about":[{"href":"https:\/\/www.eh-tique-media-tique.com\/index.php\/wp-json\/wp\/v2\/types\/post"}],"author":[{"embeddable":true,"href":"https:\/\/www.eh-tique-media-tique.com\/index.php\/wp-json\/wp\/v2\/users\/1"}],"replies":[{"embeddable":true,"href":"https:\/\/www.eh-tique-media-tique.com\/index.php\/wp-json\/wp\/v2\/comments?post=3368"}],"version-history":[{"count":1,"href":"https:\/\/www.eh-tique-media-tique.com\/index.php\/wp-json\/wp\/v2\/posts\/3368\/revisions"}],"predecessor-version":[{"id":3369,"href":"https:\/\/www.eh-tique-media-tique.com\/index.php\/wp-json\/wp\/v2\/posts\/3368\/revisions\/3369"}],"wp:attachment":[{"href":"https:\/\/www.eh-tique-media-tique.com\/index.php\/wp-json\/wp\/v2\/media?parent=3368"}],"wp:term":[{"taxonomy":"category","embeddable":true,"href":"https:\/\/www.eh-tique-media-tique.com\/index.php\/wp-json\/wp\/v2\/categories?post=3368"},{"taxonomy":"post_tag","embeddable":true,"href":"https:\/\/www.eh-tique-media-tique.com\/index.php\/wp-json\/wp\/v2\/tags?post=3368"}],"curies":[{"name":"wp","href":"https:\/\/api.w.org\/{rel}","templated":true}]}}