{"id":3380,"date":"2022-01-07T14:12:00","date_gmt":"2022-01-07T13:12:00","guid":{"rendered":"https:\/\/www.eh-tique-media-tique.com\/?p=3380"},"modified":"2024-01-05T14:16:23","modified_gmt":"2024-01-05T13:16:23","slug":"corps-noirs-et-medecins-blancs","status":"publish","type":"post","link":"https:\/\/www.eh-tique-media-tique.com\/index.php\/2022\/01\/07\/corps-noirs-et-medecins-blancs\/","title":{"rendered":"\u00ab\u00a0Corps noirs et m\u00e9decins blancs\u00a0\u00bb"},"content":{"rendered":"\n<p><strong>\u00ab&nbsp;La Fabrique du Pr\u00e9jug\u00e9 racial&nbsp;\u00bb<\/strong><\/p>\n\n\n\n<p><strong>Delphine Pereitti- Courtis<\/strong><\/p>\n\n\n\n<p><strong>Agr\u00e9g\u00e9e d\u2019histoire, Docteure en histoire, et enseignante<\/strong><\/p>\n\n\n\n<p><strong>&nbsp;&nbsp;&nbsp;&nbsp;&nbsp;&nbsp;&nbsp;&nbsp;&nbsp;&nbsp;&nbsp; Les titres universitaires ci-dessus la qualifiaient&nbsp; pour produire une analyse historique pertinente du r\u00f4le des m\u00e9decins blancs dans \u00ab&nbsp;La fabrique du pr\u00e9jug\u00e9 racial&nbsp;\u00bb, un sujet on ne peut plus sensible dans la p\u00e9riode actuelle, alors que cela n\u2019a pas \u00e9t\u00e9 le cas.<\/strong><\/p>\n\n\n\n<p><strong>&nbsp;&nbsp;&nbsp;&nbsp;&nbsp;&nbsp;&nbsp;&nbsp;&nbsp;&nbsp;&nbsp; Je me suis attach\u00e9 \u00e0 lire tr\u00e8s attentivement les cinq cents pages d\u2019un ouvrage savant et aust\u00e8re afin d\u2019en mesurer la pertinence historique.<\/strong><\/p>\n\n\n\n<p><strong>J\u2019ai publi\u00e9 une analyse critique sur le blog&nbsp;<\/strong><a href=\"mailto:eh-tique-media-tique@over-blog.com\"><strong>eh-tique-media-tique@over-blog.com<\/strong><\/a><strong>&nbsp;. (1)<\/strong><\/p>\n\n\n\n<p><strong>&nbsp;&nbsp;&nbsp;&nbsp;&nbsp;&nbsp;&nbsp;&nbsp;&nbsp;&nbsp;&nbsp; Pour la r\u00e9sumer, je dirais que je choisirais plut\u00f4t comme titre de cet ouvrage&nbsp; \u00ab&nbsp;LA FABRIQUE UNIVERSITAIRE DE L\u2019HISTOIRE&nbsp;\u00bb, pour paraphraser le titre d\u2019un livre intitul\u00e9 \u00ab&nbsp;LA FABRIQUE SCOLAIRE DE L\u2019HISTOIRE&nbsp;\u00bb (2017) \u00ab&nbsp;Laurence de Cock (dir.).<\/strong><\/p>\n\n\n\n<p><strong>&nbsp;&nbsp;&nbsp;&nbsp;&nbsp;&nbsp;&nbsp;&nbsp;&nbsp;&nbsp;&nbsp; Pourquoi&nbsp;? En raison d\u2019une lecture critique d\u2019un ouvrage qui exprime une lecture anhistorique et id\u00e9ologique de ce sujet sensible.<\/strong><\/p>\n\n\n\n<p><strong>Il ne s\u2019agit plus ici de l\u2019\u00e9cole, mais de l\u2019universit\u00e9, laquelle, de nos jours, couvre de son autorit\u00e9 des th\u00e8ses de sciences humaines, soutenues sans contradiction, devant des jurys dont les d\u00e9bats et le proc\u00e8s-verbal restent secrets&nbsp;: la mention \u00ab&nbsp;soutenance publique&nbsp;\u00bb est une pure formalit\u00e9.<\/strong><\/p>\n\n\n\n<p><strong>Dans un lointain pass\u00e9 et sur le blog Etudes Coloniales, j\u2019avais \u00e9voqu\u00e9 le \u00ab&nbsp;secret de la confession&nbsp;\u00bb.<\/strong><\/p>\n\n\n\n<p><strong>Ces th\u00e8ses accr\u00e9ditent des interpr\u00e9tations de l\u2019histoire \u00e9loign\u00e9es trop souvent des exigences de la scientificit\u00e9 n\u00e9cessaire pour convaincre.<\/strong><\/p>\n\n\n\n<p><strong>Ces th\u00e8ses&nbsp; accr\u00e9ditent et propagent ce qu\u2019il faut bien appeler une propagande politique matin\u00e9e de d\u00e9colonial, d\u2019indig\u00e9niste, ou de woke am\u00e9ricain, cette grande nation qui n\u2019a interdit la s\u00e9gr\u00e9gation qu\u2019en 1962&nbsp;!<\/strong><\/p>\n\n\n\n<ol class=\"wp-block-list\">\n<li><strong>Dates de publication&nbsp;: \u00e0 partir du 4\/10\/2021<\/strong><\/li>\n<\/ol>\n\n\n\n<p><strong>Jean Pierre Renaud&nbsp;&nbsp;&nbsp;&nbsp; Tous droits r\u00e9serv\u00e9s<\/strong><\/p>\n","protected":false},"excerpt":{"rendered":"<p>\u00ab&nbsp;La Fabrique du Pr\u00e9jug\u00e9 racial&nbsp;\u00bb Delphine Pereitti- Courtis Agr\u00e9g\u00e9e d\u2019histoire, Docteure en histoire, et enseignante &nbsp;&nbsp;&nbsp;&nbsp;&nbsp;&nbsp;&nbsp;&nbsp;&nbsp;&nbsp;&nbsp; Les titres universitaires ci-dessus la qualifiaient&nbsp; pour produire une analyse historique pertinente du r\u00f4le des m\u00e9decins blancs dans \u00ab&nbsp;La fabrique du pr\u00e9jug\u00e9 racial&nbsp;\u00bb, un sujet on ne peut plus sensible dans la p\u00e9riode actuelle, alors que cela n\u2019a pas &hellip; <a href=\"https:\/\/www.eh-tique-media-tique.com\/index.php\/2022\/01\/07\/corps-noirs-et-medecins-blancs\/\" class=\"more-link\">Continuer la lecture<span class=\"screen-reader-text\"> de &laquo;&nbsp;\u00ab\u00a0Corps noirs et m\u00e9decins blancs\u00a0\u00bb&nbsp;&raquo;<\/span><\/a><\/p>\n","protected":false},"author":1,"featured_media":0,"comment_status":"open","ping_status":"open","sticky":false,"template":"","format":"standard","meta":{"footnotes":""},"categories":[2,8,6,5,4],"tags":[273,270,421,280,3171,3173,3172],"class_list":["post-3380","post","type-post","status-publish","format-standard","hentry","category-actualites","category-colonies","category-culture","category-histoire","category-politique","tag-colonies","tag-france","tag-histoire","tag-politique","tag-propagandes","tag-scienticite","tag-universitaire"],"_links":{"self":[{"href":"https:\/\/www.eh-tique-media-tique.com\/index.php\/wp-json\/wp\/v2\/posts\/3380","targetHints":{"allow":["GET"]}}],"collection":[{"href":"https:\/\/www.eh-tique-media-tique.com\/index.php\/wp-json\/wp\/v2\/posts"}],"about":[{"href":"https:\/\/www.eh-tique-media-tique.com\/index.php\/wp-json\/wp\/v2\/types\/post"}],"author":[{"embeddable":true,"href":"https:\/\/www.eh-tique-media-tique.com\/index.php\/wp-json\/wp\/v2\/users\/1"}],"replies":[{"embeddable":true,"href":"https:\/\/www.eh-tique-media-tique.com\/index.php\/wp-json\/wp\/v2\/comments?post=3380"}],"version-history":[{"count":1,"href":"https:\/\/www.eh-tique-media-tique.com\/index.php\/wp-json\/wp\/v2\/posts\/3380\/revisions"}],"predecessor-version":[{"id":3381,"href":"https:\/\/www.eh-tique-media-tique.com\/index.php\/wp-json\/wp\/v2\/posts\/3380\/revisions\/3381"}],"wp:attachment":[{"href":"https:\/\/www.eh-tique-media-tique.com\/index.php\/wp-json\/wp\/v2\/media?parent=3380"}],"wp:term":[{"taxonomy":"category","embeddable":true,"href":"https:\/\/www.eh-tique-media-tique.com\/index.php\/wp-json\/wp\/v2\/categories?post=3380"},{"taxonomy":"post_tag","embeddable":true,"href":"https:\/\/www.eh-tique-media-tique.com\/index.php\/wp-json\/wp\/v2\/tags?post=3380"}],"curies":[{"name":"wp","href":"https:\/\/api.w.org\/{rel}","templated":true}]}}