{"id":459,"date":"2021-01-18T22:55:35","date_gmt":"2021-01-18T21:55:35","guid":{"rendered":"http:\/\/www.eh-tique-media-tique.com\/?p=459"},"modified":"2021-06-11T22:58:22","modified_gmt":"2021-06-11T20:58:22","slug":"larchipel-jerome-fourquet","status":"publish","type":"post","link":"https:\/\/www.eh-tique-media-tique.com\/index.php\/2021\/01\/18\/larchipel-jerome-fourquet\/","title":{"rendered":"\u00ab L\u2019archipel \u00bb J\u00e9r\u00f4me Fourquet"},"content":{"rendered":"\n<p class=\"has-text-align-center\" style=\"font-size:23px\"><strong>3<\/strong><\/p>\n\n\n\n<p class=\"has-text-align-center\" style=\"font-size:23px\"><strong>Conclusions<\/strong><\/p>\n\n\n\n<p class=\"has-text-align-center\" style=\"font-size:23px\"><strong>Une autre France hier, aujourd\u2019hui et demain&nbsp;!<\/strong><\/p>\n\n\n\n<p class=\"has-text-align-center\" style=\"font-size:23px\"><strong>Quelle France\u00a0? Peur, espoir, ou pari\u00a0?<\/strong><\/p>\n\n\n\n<p><strong>Au-del\u00e0 des tableaux statistiques et de leur chronologie qui d\u00e9peignent l\u2019\u00e9volution de la soci\u00e9t\u00e9 fran\u00e7aise depuis plus de trente ans, les mots utilis\u00e9s caract\u00e9risent le choc national que cela repr\u00e9sente pour la France.<\/strong><\/p>\n\n\n\n<p><strong><em>\u00ab&nbsp;Grand basculement&nbsp;\u00bb, \u00ab&nbsp;archipelisation&nbsp;\u00bb, \u00ab&nbsp;dislocation de la matrice catholique&nbsp;\u00bb, \u00ab&nbsp;dislocation de la matrice culturelle commune&nbsp;\u00bb, \u00ab&nbsp;m\u00e9tamorphoses qu\u2019a connues la soci\u00e9t\u00e9 fran\u00e7aise au cours des derni\u00e8res d\u00e9cennies&nbsp;\u00bb\u2026<\/em><\/strong><\/p>\n\n\n\n<p><strong><em>\u00ab&nbsp;M\u00e9tamorphoses<\/em>&nbsp;\u00bb&nbsp;? Le mot qui mesure cette phase historique&nbsp;?<\/strong><\/p>\n\n\n\n<p><strong>Il n\u2019est pas inutile de rappeler la d\u00e9finition qu\u2019en donnait Le Petit Robert&nbsp;:<\/strong><\/p>\n\n\n\n<p><strong>\u00ab&nbsp;1&nbsp;<em>Changement de forme, de nature ou de structure, si consid\u00e9rable que l\u2019\u00eatre ou la chose qui en est l\u2019objet n\u2019est plus reconnaissable&nbsp;\u00bb (p,1078)<\/em><\/strong><\/p>\n\n\n\n<p><strong>Le livre de J\u00e9r\u00f4me Fourquet propose donc un diagnostic pertinent sur la situation actuelle de notre pays, sur les mutations profondes qui ont \u00e9t\u00e9 les siennes au cours des&nbsp; trente derni\u00e8res ann\u00e9es.<\/strong><\/p>\n\n\n\n<p><strong>Cette description statistique faite sur la longue dur\u00e9e, et les commentaires qui l\u2019accompagnent font apparaitre une France mondialis\u00e9e, fractur\u00e9e, plurielle, au point qu\u2019il n\u2019est pas impossible de se demander si certaines des conclusions tir\u00e9es n\u2019ont pas trop d\u2019assurance, en accordant trop d\u2019importance non pas aux flux d\u00e9mographiques mais en laissant dans l\u2019ombre tout un ensemble de structures qui fa\u00e7onnent encore la nation fran\u00e7aise, fussent-elles en souffrance&nbsp;? Les vraies fractures qui ne disent pas leur nom et qui s\u2019inscrivent encore dans cette France ancienne des terroirs si bien d\u00e9crite par Eugen Weber, avec les risques de tensions ou de s\u00e9cessions que son nouveau potentiel rec\u00e8le.<\/strong><\/p>\n\n\n\n<p><strong>Le livre met en lumi\u00e8re et \u00e0 juste titre la mont\u00e9e en puissance de la d\u00e9mographie arabo-musulmane, avec une conqu\u00eate territoriale qui ne dit pas son nom, et le dynamisme concomitant d\u2019une nouvelle religion en France dont la philosophie pose d\u00e9j\u00e0 des probl\u00e8mes de compatibilit\u00e9 avec notre syst\u00e8me de valeurs r\u00e9publicaines, notamment la s\u00e9paration entre l\u2019Eglise et l\u2019Etat, qui n\u2019existe pas dans les pays musulmans.<\/strong><\/p>\n\n\n\n<p><strong>Le livre met bien en lumi\u00e8re aussi les probl\u00e8mes de compatibilit\u00e9 que posent les r\u00e8gles civiles de la religion musulmane par rapport \u00e0 notre droit civil, avec la constitution de noyaux insulaires d\u2019endogamie r\u00e9sistants, les noyaux turcs constituant d\u2019ores et d\u00e9j\u00e0, des ferments d\u2019instabilit\u00e9 dans la vie nationale, compte tenu des nouvelles initiatives imp\u00e9rialistes de la Turquie.<\/strong><\/p>\n\n\n\n<p><strong>Dans l\u2019\u00e9tat actuel de la soci\u00e9t\u00e9 fran\u00e7aise, de sa composition et de ses fractures, et compte tenu du laxisme que nous manifestons sur le plan int\u00e9rieur et sur le plan international en mati\u00e8re d\u2019immigration, la France continue \u00e0 emprunter un chemin sem\u00e9 d\u2019emb\u00fbches.<\/strong><\/p>\n\n\n\n<p><strong>Notre destin\u00e9e nationale prend de plus en plus la route d\u2019un pari, lequel n\u2019a rien de pascalien, dont les propos sur le Coran n\u2019\u00e9taient pas particuli\u00e8rement tendres, en fondant notre espoir sur le versant d\u2019une sagesse musulmane qui pourrait et devrait animer les communaut\u00e9s musulmanes de France, celles qui emprunteraient la nouvelle voie de la libert\u00e9 de conscience et de la s\u00e9paration entre religion et pouvoir politique.<\/strong><\/p>\n\n\n\n<p><strong>Dans l\u2019\u00e9tat actuel des choses et des forces et faiblesses du pays, notre bien commun appelle&nbsp;:<\/strong><\/p>\n\n\n\n<p><strong>&nbsp;1) un moratoire de suspension au cas par cas de l\u2019ensemble des mouvements migratoires, avec en premier ceux du Maghreb.<\/strong><\/p>\n\n\n\n<p><strong>2) le respect strict de nos r\u00e8gles r\u00e9publicaines de la\u00efcit\u00e9 dans tous les compartiments de notre vie publique, ce qui n\u2019est pas toujours le cas.<\/strong><\/p>\n\n\n\n<p>Jean Pierre Renaud\u00a0 &#8211;\u00a0\u00a0Tous droits r\u00e9serv\u00e9s<\/p>\n","protected":false},"excerpt":{"rendered":"<p>3 Conclusions Une autre France hier, aujourd\u2019hui et demain&nbsp;! Quelle France\u00a0? Peur, espoir, ou pari\u00a0? Au-del\u00e0 des tableaux statistiques et de leur chronologie qui d\u00e9peignent l\u2019\u00e9volution de la soci\u00e9t\u00e9 fran\u00e7aise depuis plus de trente ans, les mots utilis\u00e9s caract\u00e9risent le choc national que cela repr\u00e9sente pour la France. \u00ab&nbsp;Grand basculement&nbsp;\u00bb, \u00ab&nbsp;archipelisation&nbsp;\u00bb, \u00ab&nbsp;dislocation de la matrice &hellip; <a href=\"https:\/\/www.eh-tique-media-tique.com\/index.php\/2021\/01\/18\/larchipel-jerome-fourquet\/\" class=\"more-link\">Continuer la lecture<span class=\"screen-reader-text\"> de &laquo;&nbsp;\u00ab L\u2019archipel \u00bb J\u00e9r\u00f4me Fourquet&nbsp;&raquo;<\/span><\/a><\/p>\n","protected":false},"author":1,"featured_media":0,"comment_status":"closed","ping_status":"open","sticky":false,"template":"","format":"standard","meta":{"footnotes":""},"categories":[2,14,7,5,10,4],"tags":[270,281,393],"class_list":["post-459","post","type-post","status-publish","format-standard","hentry","category-actualites","category-banlieues","category-communication","category-histoire","category-immigration","category-politique","tag-france","tag-jerome-fourquet","tag-maghreb"],"_links":{"self":[{"href":"https:\/\/www.eh-tique-media-tique.com\/index.php\/wp-json\/wp\/v2\/posts\/459","targetHints":{"allow":["GET"]}}],"collection":[{"href":"https:\/\/www.eh-tique-media-tique.com\/index.php\/wp-json\/wp\/v2\/posts"}],"about":[{"href":"https:\/\/www.eh-tique-media-tique.com\/index.php\/wp-json\/wp\/v2\/types\/post"}],"author":[{"embeddable":true,"href":"https:\/\/www.eh-tique-media-tique.com\/index.php\/wp-json\/wp\/v2\/users\/1"}],"replies":[{"embeddable":true,"href":"https:\/\/www.eh-tique-media-tique.com\/index.php\/wp-json\/wp\/v2\/comments?post=459"}],"version-history":[{"count":1,"href":"https:\/\/www.eh-tique-media-tique.com\/index.php\/wp-json\/wp\/v2\/posts\/459\/revisions"}],"predecessor-version":[{"id":460,"href":"https:\/\/www.eh-tique-media-tique.com\/index.php\/wp-json\/wp\/v2\/posts\/459\/revisions\/460"}],"wp:attachment":[{"href":"https:\/\/www.eh-tique-media-tique.com\/index.php\/wp-json\/wp\/v2\/media?parent=459"}],"wp:term":[{"taxonomy":"category","embeddable":true,"href":"https:\/\/www.eh-tique-media-tique.com\/index.php\/wp-json\/wp\/v2\/categories?post=459"},{"taxonomy":"post_tag","embeddable":true,"href":"https:\/\/www.eh-tique-media-tique.com\/index.php\/wp-json\/wp\/v2\/tags?post=459"}],"curies":[{"name":"wp","href":"https:\/\/api.w.org\/{rel}","templated":true}]}}