{"id":465,"date":"2021-01-09T23:11:19","date_gmt":"2021-01-09T22:11:19","guid":{"rendered":"http:\/\/www.eh-tique-media-tique.com\/?p=465"},"modified":"2021-06-11T23:14:22","modified_gmt":"2021-06-11T21:14:22","slug":"enigme-methode-orgueil-demesure-emile-du-siecle","status":"publish","type":"post","link":"https:\/\/www.eh-tique-media-tique.com\/index.php\/2021\/01\/09\/enigme-methode-orgueil-demesure-emile-du-siecle\/","title":{"rendered":"Enigme ? M\u00e9thode ? Orgueil d\u00e9mesur\u00e9 ? \u00ab \u00c9mile \u00bb du  Si\u00e8cle ?"},"content":{"rendered":"\n<p><strong>\u00ab&nbsp;L\u2019\u00e9nigme Macron&nbsp;\u00bb&nbsp;<em>(Le Carnet de Jacques Julliard &#8211; Le Figaro du 4 janvier 2021, page 25, une pleine page)<\/em><\/strong><\/p>\n\n\n\n<p><strong>&nbsp;<em>\u00ab&nbsp;Le Pr\u00e9sident est confusionniste. Quelle marge de man\u0153uvre ce ping-pong c\u00e9r\u00e9bral laisse-t-il \u00e0 l\u2019action&nbsp;?&nbsp;\u00bb<\/em><\/strong><\/p>\n\n\n\n<p><strong>L\u2019auteur nous ass\u00e8ne une le\u00e7on bien document\u00e9e sur l\u2019analyse qu\u2019il propose pour nous \u00e9clairer sur le&nbsp;<em>\u00ab&nbsp;myst\u00e8re Macron<\/em>&nbsp;\u00bb&nbsp;:<\/strong><\/p>\n\n\n\n<p><strong><em>\u00ab&nbsp;Plus il parle, et moins on l\u2019entend. Plus il s\u2019explique, et moins on le comprend. Plus le temps passe, et moins on y voit clair. \u00ab&nbsp;Le myst\u00e8re s\u2019\u00e9paissit&nbsp;\u00bb comme on dit dans les polars&nbsp;\u00bb.<\/em><\/strong><\/p>\n\n\n\n<p><strong>Je me suis int\u00e9ress\u00e9 depuis longtemps aux strat\u00e9gies, les directes et les indirectes (le livre \u00ab&nbsp;<em>Chemins Obliques<\/em>&nbsp;\u00bb), aux strat\u00e9gies politiques, notamment celle de Chirac dans&nbsp;<em>\u00ab&nbsp;La M\u00e9thode Chirac<\/em>&nbsp;\u00bb (1997)&nbsp;: il est \u00e9vident que celle du Pr\u00e9sident actuel fait plus qu\u2019intriguer, compte tenu des conditions impr\u00e9vues de son accession au pouvoir et de la m\u00e9thode, sinon de l\u2019\u00e9trange strat\u00e9gie qu\u2019il met en \u0153uvre pour gouverner, s\u2019il en existe une.<\/strong><\/p>\n\n\n\n<p><strong>Le blog s\u2019en est d\u00e9j\u00e0 fait l\u2019\u00e9cho en proposant une explication sans doute partielle, mais elle a le m\u00e9rite d\u2019\u00eatre dans le go\u00fbt du jour et des capacit\u00e9s algorithmiques de son groupe de Mormons, la strat\u00e9gie politique des algorithmes, le verbe \u00e9pousant successivement&nbsp; le mouvement des vagues digitales de l\u2019opinion publique.<\/strong><\/p>\n\n\n\n<p><strong>Une interpr\u00e9tation cr\u00e9dible&nbsp;:<\/strong><\/p>\n\n\n\n<p><strong>Le Pr\u00e9sident a cru, depuis le d\u00e9but \u00e0 sa bonne \u00e9toile, mais sans doute autant \u00e0 ses capacit\u00e9s intellectuelles et \u00e0 son verbe, pour tout r\u00e9soudre avec sa baguette magique et nous entrainer tous vers une France nouvelle.<\/strong><\/p>\n\n\n\n<p><strong>Toutefois, il recourt en permanence \u00e0 la&nbsp;<em>m\u00e9thode<\/em>&nbsp;\u00ab&nbsp;<em>du je passe \u00e0 c\u00f4t\u00e9<\/em>&nbsp;\u00bb de la colonne vert\u00e9brale des institutions r\u00e9publicaines pour s\u2019appuyer sur la seule opinion publique, en misant sur ses Marcheurs pour donner une autre colonne vert\u00e9brale au pays&nbsp;: seul probl\u00e8me, cette autre colonne vert\u00e9brale n\u2019existe pas. Le pr\u00e9sident continue \u00e0 parler, parler, \u00e0 tweeter, en court-circuitant les institutions, le Parlement, les collectivit\u00e9s territoriales, les corps interm\u00e9diaires, \u2026 mais il court toujours apr\u00e8s un d\u00e9but d\u2019enracinement politique dans les territoires\u2026<\/strong><\/p>\n\n\n\n<p><strong>Sa fa\u00e7on de g\u00e9rer l\u2019\u00e9pid\u00e9mie actuelle constitue un autre symbole de ses choix strat\u00e9giques en assumant, tout en ne les assumant pas, en renvoyant les solutions sur autant d\u2019experts qu\u2019il faut pour diluer ses propres responsabilit\u00e9s.<\/strong><\/p>\n\n\n\n<p><strong>Aujourd\u2019hui et faute de jouer le jeu d\u00e9mocratique des collectivit\u00e9s territoriales, il fait porter la responsabilit\u00e9 sur l\u2019administration, la bureaucratie centrale\u2026<\/strong><\/p>\n\n\n\n<p><strong>Il invente donc des exp\u00e9dients pseudo-d\u00e9mocratiques&nbsp;: le Grand D\u00e9bat, le Loto des conventions citoyennes tir\u00e9es au sort, celle du \u00ab&nbsp;<em>climat<\/em>&nbsp;\u00bb ou de la&nbsp;<em>\u00ab&nbsp;vaccination<\/em>&nbsp;\u00bb qu\u2019il accroche \u00e0 l\u2019une des institutions les moins repr\u00e9sentatives du pays, le Conseil \u00c9conomique Social et Environnemental.<\/strong><\/p>\n\n\n\n<p><strong>Il n\u2019est pas besoin d\u2019\u00eatre initi\u00e9 pour savoir que cette assembl\u00e9e est compos\u00e9e de membres \u00e9minents d\u00e9sign\u00e9s le plus souvent par les organisations professionnelles \u00e0 titre de sin\u00e9cures\u2026<\/strong><\/p>\n\n\n\n<p><strong>Ces exp\u00e9dients confinent \u00e0 l\u2019absurde dans la mesure o\u00f9 par exemple certains des membres de la Convention Climat revendiquent un&nbsp;<em>\u00ab&nbsp;statut citoyen&nbsp;\u00bb.<\/em><\/strong><\/p>\n\n\n\n<p><strong>&nbsp;Pas de probl\u00e8me puisque je suis le meilleur&nbsp;! Et donc que j\u2019ai les capacit\u00e9s pour asseoir mon pouvoir de fa\u00e7on indirecte, en inventant une d\u00e9mocratie repr\u00e9sentative bidon&nbsp;! Le tirage au sort d\u00e9mocratique, il faut le faire&nbsp;!<\/strong><\/p>\n\n\n\n<p><strong>Je me rallierais donc volontiers au commentaire qui figure en&nbsp; marge de la longue tribune Julliard, un commentaire qui contient toute une gamme d\u2019interpr\u00e9tations subtiles du type \u00ab&nbsp;psy&nbsp;\u00bb&nbsp;:<\/strong><\/p>\n\n\n\n<p><strong><em>\u00ab&nbsp;Le quinquennat d\u2019Emmanuel Macron fait songer \u00e0 ce que les Allemands appellent \u00ab&nbsp;Bildungsroman&nbsp;\u00bb, c\u2019est-\u00e0-dire un roman d\u2019\u00e9ducation, analyse l\u2019historien et essayiste que nos lecteurs retrouvent chaque premier lundi du mois.&nbsp;\u00bb<\/em><\/strong><\/p>\n\n\n\n<p><strong>Son s\u00e9jour \u00e0 \u00c9lys\u00e9e l\u2019aiderait donc \u00e0 poursuivre une \u00e9ducation, sans doute trop prot\u00e9g\u00e9e&nbsp;?<\/strong><\/p>\n\n\n\n<p><strong>Ne sommes-nous pas revenus en d\u00e9finitive au si\u00e8cle de Jean Jacques Rousseau avec son \u00c9mile ?<\/strong><\/p>\n\n\n\n<p><strong>Le 29 janvier 2020, mon vieil ami Auch\u00e8re m\u2019avait fait parvenir une photo parue dans&nbsp;<em>Der Spiegel<\/em>&nbsp;du 18 janvier 2020&nbsp;: une photo de Macron \u00e0 son bureau, en train de lire un document avec Brigitte debout derri\u00e8re lui, \u00e0 sa droite, la main sur son \u00e9paule, avec pour titre&nbsp;:<\/strong><\/p>\n\n\n\n<p><strong>\u00ab&nbsp;<em>Staatsoberhaupt Macron, Ehefrau Brigitte im Elys\u00e9e&nbsp;: Die arroganten kleinen S\u00e4tze h\u00e4ngen ihm bis heute nach<\/em>&nbsp;\u00bb<\/strong><\/p>\n\n\n\n<p><strong>Avec son commentaire : \u00ab&nbsp;&nbsp;<em>Ce n\u2019est pas Jupiter, c\u2019est une professeure (aux grands pieds) avec son \u00e9l\u00e8ve favori&nbsp;\u00bb<\/em><\/strong><\/p>\n\n\n\n<p>Jean Pierre Renaud\u00a0\u00a0&#8211;  Tous droits r\u00e9serv\u00e9s <\/p>\n\n\n\n<p>Imprimatur du 8\/01\/21<\/p>\n","protected":false},"excerpt":{"rendered":"<p>\u00ab&nbsp;L\u2019\u00e9nigme Macron&nbsp;\u00bb&nbsp;(Le Carnet de Jacques Julliard &#8211; Le Figaro du 4 janvier 2021, page 25, une pleine page) &nbsp;\u00ab&nbsp;Le Pr\u00e9sident est confusionniste. Quelle marge de man\u0153uvre ce ping-pong c\u00e9r\u00e9bral laisse-t-il \u00e0 l\u2019action&nbsp;?&nbsp;\u00bb L\u2019auteur nous ass\u00e8ne une le\u00e7on bien document\u00e9e sur l\u2019analyse qu\u2019il propose pour nous \u00e9clairer sur le&nbsp;\u00ab&nbsp;myst\u00e8re Macron&nbsp;\u00bb&nbsp;: \u00ab&nbsp;Plus il parle, et moins on &hellip; <a href=\"https:\/\/www.eh-tique-media-tique.com\/index.php\/2021\/01\/09\/enigme-methode-orgueil-demesure-emile-du-siecle\/\" class=\"more-link\">Continuer la lecture<span class=\"screen-reader-text\"> de &laquo;&nbsp;Enigme ? M\u00e9thode ? Orgueil d\u00e9mesur\u00e9 ? \u00ab \u00c9mile \u00bb du  Si\u00e8cle ?&nbsp;&raquo;<\/span><\/a><\/p>\n","protected":false},"author":1,"featured_media":0,"comment_status":"closed","ping_status":"open","sticky":false,"template":"","format":"standard","meta":{"footnotes":""},"categories":[2,7,6,5,4,12],"tags":[581,580,270,22,579,280],"class_list":["post-465","post","type-post","status-publish","format-standard","hentry","category-actualites","category-communication","category-culture","category-histoire","category-politique","category-strategie","tag-chirac","tag-emile","tag-france","tag-macron","tag-orgueil","tag-politique"],"_links":{"self":[{"href":"https:\/\/www.eh-tique-media-tique.com\/index.php\/wp-json\/wp\/v2\/posts\/465","targetHints":{"allow":["GET"]}}],"collection":[{"href":"https:\/\/www.eh-tique-media-tique.com\/index.php\/wp-json\/wp\/v2\/posts"}],"about":[{"href":"https:\/\/www.eh-tique-media-tique.com\/index.php\/wp-json\/wp\/v2\/types\/post"}],"author":[{"embeddable":true,"href":"https:\/\/www.eh-tique-media-tique.com\/index.php\/wp-json\/wp\/v2\/users\/1"}],"replies":[{"embeddable":true,"href":"https:\/\/www.eh-tique-media-tique.com\/index.php\/wp-json\/wp\/v2\/comments?post=465"}],"version-history":[{"count":1,"href":"https:\/\/www.eh-tique-media-tique.com\/index.php\/wp-json\/wp\/v2\/posts\/465\/revisions"}],"predecessor-version":[{"id":466,"href":"https:\/\/www.eh-tique-media-tique.com\/index.php\/wp-json\/wp\/v2\/posts\/465\/revisions\/466"}],"wp:attachment":[{"href":"https:\/\/www.eh-tique-media-tique.com\/index.php\/wp-json\/wp\/v2\/media?parent=465"}],"wp:term":[{"taxonomy":"category","embeddable":true,"href":"https:\/\/www.eh-tique-media-tique.com\/index.php\/wp-json\/wp\/v2\/categories?post=465"},{"taxonomy":"post_tag","embeddable":true,"href":"https:\/\/www.eh-tique-media-tique.com\/index.php\/wp-json\/wp\/v2\/tags?post=465"}],"curies":[{"name":"wp","href":"https:\/\/api.w.org\/{rel}","templated":true}]}}