{"id":944,"date":"2016-01-05T19:08:10","date_gmt":"2016-01-05T18:08:10","guid":{"rendered":"http:\/\/www.eh-tique-media-tique.com\/?p=944"},"modified":"2021-06-15T19:09:38","modified_gmt":"2021-06-15T17:09:38","slug":"2015-les-ecolos-out","status":"publish","type":"post","link":"https:\/\/www.eh-tique-media-tique.com\/index.php\/2016\/01\/05\/2015-les-ecolos-out\/","title":{"rendered":"2015 : les Ecolos Out ?"},"content":{"rendered":"\n<p><strong>La COP 21 a \u00e9t\u00e9 un succ\u00e8s, il faut le reconna\u00eetre, m\u00eame s\u2019il sera n\u00e9cessaire d\u2019\u00eatre tr\u00e8s attentif \u00e0 la mise en \u0153uvre de cet accord mondial.<\/strong><\/p>\n\n\n\n<p><strong>&nbsp;&nbsp;&nbsp;&nbsp;&nbsp;&nbsp;&nbsp;&nbsp;&nbsp;&nbsp;&nbsp; ll convient toutefois de noter que la conf\u00e9rence semble avoir mis entre parenth\u00e8ses, un sujet tabou, facteur in\u00e9vitable du r\u00e9chauffement climatique&nbsp;: l\u2019\u00e9volution de la d\u00e9mographie mondiale.<\/strong><\/p>\n\n\n\n<p id=\"yui_3_5_0_1_1451987755113_18400\"><strong>&nbsp;&nbsp;&nbsp;&nbsp;&nbsp;&nbsp;&nbsp; Mais o\u00f9 sont pass\u00e9s les Ecolos&nbsp;au cours de cette COP 21?<\/strong><\/p>\n\n\n\n<p><strong><em>&nbsp;&nbsp;&nbsp;&nbsp;&nbsp;&nbsp; Disappeared,<\/em><\/strong><strong>&nbsp; Jos\u00e9 Bov\u00e9&nbsp;?<\/strong><\/p>\n\n\n\n<p><strong><em>&nbsp;&nbsp;&nbsp;&nbsp;&nbsp;&nbsp;&nbsp; Disappeared<\/em><\/strong><strong>, Eva Joly&nbsp;?<\/strong><\/p>\n\n\n\n<p><strong><em>&nbsp;&nbsp;&nbsp;&nbsp;&nbsp;&nbsp;&nbsp; Disappeared<\/em><\/strong><strong>, C\u00e9cile Duflot ?<\/strong><\/p>\n\n\n\n<p><strong>&nbsp;&nbsp;&nbsp;&nbsp;&nbsp;&nbsp;&nbsp;&nbsp;&nbsp; \u00ab&nbsp;<em>Nous nous sommes quelque peu fossilis\u00e9s<\/em>&nbsp;\u00bb a-t-elle confess\u00e9 dans le Monde du 16 d\u00e9cembre dernier&nbsp;: dans quelle \u00e8re g\u00e9ologique&nbsp;?<\/strong><\/p>\n\n\n\n<p><strong>&nbsp;&nbsp;&nbsp;&nbsp;&nbsp;&nbsp;&nbsp;&nbsp;&nbsp;&nbsp; A la trappe ! Alors m\u00eame que Nicolas Hulot s\u2019\u00e9rigeait en conseiller technique du pouvoir politique, et que lui-m\u00eame avait \u00e9t\u00e9 le candidat \u00e9colo \u00e9cart\u00e9 par les Ecolos aux derni\u00e8res \u00e9lections pr\u00e9sidentielles.<\/strong><\/p>\n\n\n\n<p><strong>&nbsp;&nbsp;&nbsp;&nbsp;&nbsp;&nbsp;&nbsp;&nbsp;&nbsp; Depuis plusieurs dizaines d\u2019ann\u00e9es, les Ecolos de France, toujours en dispute, en conciles, en petits c\u00e9nacles de disputes d\u2019\u00e9go, en train de se marier et de divorcer d\u2019avec les socialistes, n\u2019ont jamais r\u00e9ussi \u00e0 fonder un v\u00e9ritable mouvement comparable \u00e0 celui des Verts allemands.<\/strong><\/p>\n\n\n\n<p><strong>&nbsp;&nbsp;&nbsp;&nbsp;&nbsp;&nbsp; Avec deux conclusions&nbsp;:<\/strong><\/p>\n\n\n\n<p><strong>&nbsp;&nbsp;&nbsp;&nbsp;&nbsp;&nbsp; &amp; L\u2019\u00e9cologie fran\u00e7aise aurait gagn\u00e9 \u00e0 rester une grande association d\u2019id\u00e9es et de propositions, un groupe de pression efficace au sein de la soci\u00e9t\u00e9 fran\u00e7aise, plut\u00f4t que de s\u2019embourber dans des formations politiques sans avenir.<\/strong><\/p>\n\n\n\n<p><strong>&nbsp;&nbsp;&nbsp;&nbsp;&nbsp;&nbsp; &amp; A tort ou \u00e0 raison, mais plut\u00f4t \u00e0 raison, les Fran\u00e7ais pensent que&nbsp; de deux choses l\u2019une, ou&nbsp; les Ecolos adorent trop les joutes verbales interminables, ou les Ecolos adorent trop les pr\u00e9bendes que tel ou tel soutien politique du jour leur vaut.<\/strong><\/p>\n\n\n\n<p><strong>&nbsp;&nbsp;&nbsp;&nbsp;&nbsp; Dernier exemple, les appels du pied de Plac\u00e9&nbsp;!<\/strong><\/p>\n\n\n\n<p>Jean Pierre Renaud<\/p>\n","protected":false},"excerpt":{"rendered":"<p>La COP 21 a \u00e9t\u00e9 un succ\u00e8s, il faut le reconna\u00eetre, m\u00eame s\u2019il sera n\u00e9cessaire d\u2019\u00eatre tr\u00e8s attentif \u00e0 la mise en \u0153uvre de cet accord mondial. &nbsp;&nbsp;&nbsp;&nbsp;&nbsp;&nbsp;&nbsp;&nbsp;&nbsp;&nbsp;&nbsp; ll convient toutefois de noter que la conf\u00e9rence semble avoir mis entre parenth\u00e8ses, un sujet tabou, facteur in\u00e9vitable du r\u00e9chauffement climatique&nbsp;: l\u2019\u00e9volution de la d\u00e9mographie mondiale. &nbsp;&nbsp;&nbsp;&nbsp;&nbsp;&nbsp;&nbsp; &hellip; <a href=\"https:\/\/www.eh-tique-media-tique.com\/index.php\/2016\/01\/05\/2015-les-ecolos-out\/\" class=\"more-link\">Continuer la lecture<span class=\"screen-reader-text\"> de &laquo;&nbsp;2015 : les Ecolos Out ?&nbsp;&raquo;<\/span><\/a><\/p>\n","protected":false},"author":1,"featured_media":0,"comment_status":"closed","ping_status":"open","sticky":false,"template":"","format":"standard","meta":{"footnotes":""},"categories":[4],"tags":[1102,862,270,407],"class_list":["post-944","post","type-post","status-publish","format-standard","hentry","category-politique","tag-cop-21","tag-ecologie","tag-france","tag-hulot"],"_links":{"self":[{"href":"https:\/\/www.eh-tique-media-tique.com\/index.php\/wp-json\/wp\/v2\/posts\/944","targetHints":{"allow":["GET"]}}],"collection":[{"href":"https:\/\/www.eh-tique-media-tique.com\/index.php\/wp-json\/wp\/v2\/posts"}],"about":[{"href":"https:\/\/www.eh-tique-media-tique.com\/index.php\/wp-json\/wp\/v2\/types\/post"}],"author":[{"embeddable":true,"href":"https:\/\/www.eh-tique-media-tique.com\/index.php\/wp-json\/wp\/v2\/users\/1"}],"replies":[{"embeddable":true,"href":"https:\/\/www.eh-tique-media-tique.com\/index.php\/wp-json\/wp\/v2\/comments?post=944"}],"version-history":[{"count":1,"href":"https:\/\/www.eh-tique-media-tique.com\/index.php\/wp-json\/wp\/v2\/posts\/944\/revisions"}],"predecessor-version":[{"id":945,"href":"https:\/\/www.eh-tique-media-tique.com\/index.php\/wp-json\/wp\/v2\/posts\/944\/revisions\/945"}],"wp:attachment":[{"href":"https:\/\/www.eh-tique-media-tique.com\/index.php\/wp-json\/wp\/v2\/media?parent=944"}],"wp:term":[{"taxonomy":"category","embeddable":true,"href":"https:\/\/www.eh-tique-media-tique.com\/index.php\/wp-json\/wp\/v2\/categories?post=944"},{"taxonomy":"post_tag","embeddable":true,"href":"https:\/\/www.eh-tique-media-tique.com\/index.php\/wp-json\/wp\/v2\/tags?post=944"}],"curies":[{"name":"wp","href":"https:\/\/api.w.org\/{rel}","templated":true}]}}