{"id":973,"date":"2015-02-16T00:18:35","date_gmt":"2015-02-15T23:18:35","guid":{"rendered":"http:\/\/www.eh-tique-media-tique.com\/?p=973"},"modified":"2021-06-16T00:22:10","modified_gmt":"2021-06-15T22:22:10","slug":"sottise-postcoloniale-assimilation-integration-nettoyage-de-lidentite-le-monde-du-13-fevrier-2015","status":"publish","type":"post","link":"https:\/\/www.eh-tique-media-tique.com\/index.php\/2015\/02\/16\/sottise-postcoloniale-assimilation-integration-nettoyage-de-lidentite-le-monde-du-13-fevrier-2015\/","title":{"rendered":"Sottise postcoloniale: Assimilation, int\u00e9gration, \u00ab\u00a0nettoyage de l&rsquo;identit\u00e9\u00a0\u00bb Le Monde du 13 f\u00e9vrier 2015"},"content":{"rendered":"\n<p class=\"has-text-align-center has-medium-font-size\"><strong>Sottise postcoloniale&nbsp;: assimilation, int\u00e9gration, \u00ab&nbsp;nettoyage de l\u2019identit\u00e9\u2026&nbsp;\u00bb<\/strong><\/p>\n\n\n\n<p class=\"has-text-align-center has-medium-font-size\"><strong>&amp;<\/strong><\/p>\n\n\n\n<p class=\"has-text-align-center has-medium-font-size\"><strong>Journal Le Monde du 13 f\u00e9vrier 2015, page 10<\/strong><\/p>\n\n\n\n<p class=\"has-text-align-center has-medium-font-size\"><strong>\u00ab&nbsp;Nicolas Sarkozy veut lancer un d\u00e9bat sur l\u2019Islam&nbsp;\u00bb<\/strong><\/p>\n\n\n\n<p class=\"has-text-align-center has-medium-font-size\"><strong>Alexandre Lemari\u00e9<\/strong><\/p>\n\n\n\n<p class=\"has-text-align-center has-medium-font-size\"><strong>&amp;<\/strong><\/p>\n\n\n\n<p>&nbsp; &nbsp; &nbsp;&nbsp;&nbsp;<strong>M.Lemari\u00e9 interviewe l\u2019historien Blanchard, je cite&nbsp;:<\/strong><\/p>\n\n\n\n<p>&nbsp;&nbsp;&nbsp;&nbsp;&nbsp;&nbsp;&nbsp;&nbsp;&nbsp;&nbsp;&nbsp;&nbsp;<strong>\u00ab&nbsp;&nbsp;<em>Assimiler c\u2019est vouloir effacer<\/em><\/strong><em>&nbsp;\u00bb<\/em><\/p>\n\n\n\n<p><em>&nbsp;&nbsp;&nbsp;&nbsp;&nbsp;&nbsp;&nbsp;&nbsp;&nbsp;&nbsp;&nbsp;&nbsp;<strong>\u00ab&nbsp;\u2026<\/strong>&nbsp;Pour souligner sa diff\u00e9rence avec son concurrent, l\u2019ancien pr\u00e9sident de la R\u00e9publique a&nbsp;affirm\u00e9 que la droite ne pouvait \u00ab&nbsp;pas continuer \u00e0 utiliser le mot \u00ab&nbsp;int\u00e9gration&nbsp;\u00bb mais devait d\u00e9sormais \u00ab&nbsp;utiliser le mot \u00ab&nbsp;assimilation&nbsp;\u00bb. Un terme qui est tout sauf neutre. \u00ab&nbsp;Il est directement issu de la p\u00e9riode coloniale, rappelle Pascal Blanchard, cela suppose de vouloir faire rentrer&nbsp;l\u2019immigr\u00e9 dans un mod\u00e8le, avec la notion de nettoyage de l\u2019identit\u00e9.&nbsp;\u00bb<\/em><\/p>\n\n\n\n<p><strong>&nbsp;&nbsp;&nbsp;&nbsp;&nbsp;&nbsp; Tout d\u2019abord, un rappel de vocabulaire<\/strong>&nbsp;tir\u00e9 du Petit Robert :<\/p>\n\n\n\n<p>&nbsp;&nbsp;&nbsp;&nbsp;&nbsp;&nbsp;&nbsp;&nbsp;&nbsp;&nbsp;&nbsp;&nbsp;&nbsp;&nbsp;&nbsp;&nbsp;&nbsp;&nbsp;<strong>Assimiler, c\u2019est rendre semblable<\/strong><\/p>\n\n\n\n<p><strong>&nbsp;&nbsp;&nbsp;&nbsp;&nbsp;&nbsp;&nbsp;&nbsp;&nbsp;&nbsp;&nbsp; Int\u00e9grer, c\u2019est \u00e9tablir une interd\u00e9pendance plus vivante entre les membres d\u2019une soci\u00e9t\u00e9.<\/strong><\/p>\n\n\n\n<p>&nbsp;&nbsp;&nbsp;&nbsp;&nbsp;&nbsp;&nbsp;&nbsp;&nbsp;&nbsp;&nbsp; L\u2019historien&nbsp; cite&nbsp;<strong><em>\u00ab&nbsp;l\u2019immigr\u00e9<\/em><\/strong>&nbsp;\u00bb, mais s\u2019agit-il effectivement de l\u2019immigr\u00e9, celui qui a une carte de s\u00e9jour, ou du citoyen fran\u00e7ais d\u2019origine immigr\u00e9e&nbsp;?<\/p>\n\n\n\n<p>&nbsp;&nbsp;&nbsp;&nbsp;&nbsp;&nbsp;&nbsp;&nbsp; Le m\u00eame historien utilise aussi une expression douteuse, celle- l\u00e0, \u00ab&nbsp;&nbsp;<strong><em>la notion<\/em><\/strong>&nbsp;<strong><em>de nettoyage de l\u2019identit\u00e9<\/em><\/strong>&nbsp;\u00bb, tr\u00e8s proche de l\u2019autre expression plus connue de \u00ab&nbsp;nettoyage ethnique&nbsp;\u00bb.<\/p>\n\n\n\n<p>&nbsp;&nbsp;&nbsp;&nbsp;&nbsp;&nbsp;&nbsp;&nbsp; L\u2019ambition coloniale fran\u00e7aise de l\u2019assimilation n\u2019a jamais d\u00e9pass\u00e9, sauf cas particuliers des quatre communes du S\u00e9n\u00e9gal et des actuels d\u00e9partements d\u2019outre- mer, le stade de la parole, de la propagande, pour la raison bien simple qu\u2019elle \u00e9tait vou\u00e9e \u00e0 l\u2019\u00e9chec, m\u00eame en cantonnant son sens \u00e0 la citoyennet\u00e9 politique.<\/p>\n\n\n\n<p>&nbsp;&nbsp;&nbsp;&nbsp;&nbsp; En Alg\u00e9rie, la place de l\u2019Islam compliquait la solution du probl\u00e8me, et dans les autres colonies, hors Antilles, la diversit\u00e9 des cultures et des croyances, les statuts priv\u00e9s des peuples de ces pays, l\u2019effectif des \u00e9volu\u00e9s par rapport au total de la population, le poids d\u00e9mographique et donc politique des peuples susceptibles d\u2019\u00eatre assimil\u00e9s, la relation qui fut faite entre la citoyennet\u00e9 politique et la citoyennet\u00e9 sociale, c\u2019est-\u00e0-dire le co\u00fbt social qu\u2019une telle op\u00e9ration repr\u00e9sentait pour la m\u00e9tropole&nbsp; enlevait tout fondement \u00e0 ce type d\u2019op\u00e9ration\u2026.<\/p>\n\n\n\n<p><strong>&nbsp;&nbsp;&nbsp;&nbsp;&nbsp; L\u2019assimilation \u00ab&nbsp;coloniale&nbsp;\u00bb n\u2019a donc \u00e9t\u00e9 qu\u2019un r\u00eave&nbsp;!<\/strong><\/p>\n\n\n\n<p>&nbsp;&nbsp;&nbsp;&nbsp; Quant \u00e0 parler dans le cas des immigr\u00e9s, de&nbsp;<strong><em>\u00ab&nbsp;nettoyage de l\u2019identit\u00e9<\/em><\/strong>&nbsp;\u00bb, il semble, et si j\u2019ai bien compris, que le propos de M. Blanchard n\u2019ait sans doute pas vis\u00e9 les immigr\u00e9s eux-m\u00eames, mais les descendants d\u2019immigr\u00e9s.<\/p>\n\n\n\n<p>&nbsp;&nbsp;&nbsp;&nbsp; Si tel est le cas, et en ce qui concerne leur relation avec les institutions de la R\u00e9publique Fran\u00e7aise, plut\u00f4t que d\u2019assimilation ou d\u2019int\u00e9gration, il vaudrait mieux parler plus simplement d\u2019application&nbsp; des lois fran\u00e7aises.<\/p>\n\n\n\n<p><strong>&nbsp;&nbsp;&nbsp;&nbsp; La loi de s\u00e9paration de l\u2019Eglise et de l\u2019Etat de 1905 et les principes de la\u00efcit\u00e9 qui r\u00e9gissent notre R\u00e9publique, doivent effectivement \u00eatre appliqu\u00e9s, sans savoir s\u2019il s\u2019agit d\u2019assimilation ou d\u2019int\u00e9gration.<\/strong><\/p>\n\n\n\n<p><strong>&nbsp;&nbsp;&nbsp; Cessons de jouer avec le feu des anciennes guerres fran\u00e7aises de religion, sanglantes au cours des si\u00e8cles pass\u00e9s, et politiquement violentes, jusqu\u2019au d\u00e9but du vingti\u00e8me si\u00e8cle.<\/strong><\/p>\n\n\n\n<p><strong>&nbsp;&nbsp;&nbsp;&nbsp;&nbsp; Cette loi fran\u00e7aise de paix civile est notre loi. Appliquons- la&nbsp;! Sans ergoter&nbsp;!<\/strong><\/p>\n\n\n\n<p>&nbsp;&nbsp;&nbsp;&nbsp; Jean Pierre Renaud<\/p>\n","protected":false},"excerpt":{"rendered":"<p>Sottise postcoloniale&nbsp;: assimilation, int\u00e9gration, \u00ab&nbsp;nettoyage de l\u2019identit\u00e9\u2026&nbsp;\u00bb &amp; Journal Le Monde du 13 f\u00e9vrier 2015, page 10 \u00ab&nbsp;Nicolas Sarkozy veut lancer un d\u00e9bat sur l\u2019Islam&nbsp;\u00bb Alexandre Lemari\u00e9 &amp; &nbsp; &nbsp; &nbsp;&nbsp;&nbsp;M.Lemari\u00e9 interviewe l\u2019historien Blanchard, je cite&nbsp;: &nbsp;&nbsp;&nbsp;&nbsp;&nbsp;&nbsp;&nbsp;&nbsp;&nbsp;&nbsp;&nbsp;&nbsp;\u00ab&nbsp;&nbsp;Assimiler c\u2019est vouloir effacer&nbsp;\u00bb &nbsp;&nbsp;&nbsp;&nbsp;&nbsp;&nbsp;&nbsp;&nbsp;&nbsp;&nbsp;&nbsp;&nbsp;\u00ab&nbsp;\u2026&nbsp;Pour souligner sa diff\u00e9rence avec son concurrent, l\u2019ancien pr\u00e9sident de la R\u00e9publique a&nbsp;affirm\u00e9 que la &hellip; <a href=\"https:\/\/www.eh-tique-media-tique.com\/index.php\/2015\/02\/16\/sottise-postcoloniale-assimilation-integration-nettoyage-de-lidentite-le-monde-du-13-fevrier-2015\/\" class=\"more-link\">Continuer la lecture<span class=\"screen-reader-text\"> de &laquo;&nbsp;Sottise postcoloniale: Assimilation, int\u00e9gration, \u00ab\u00a0nettoyage de l&rsquo;identit\u00e9\u00a0\u00bb Le Monde du 13 f\u00e9vrier 2015&nbsp;&raquo;<\/span><\/a><\/p>\n","protected":false},"author":1,"featured_media":0,"comment_status":"closed","ping_status":"open","sticky":false,"template":"","format":"standard","meta":{"footnotes":""},"categories":[4],"tags":[1148,262,277,159,629,1149],"class_list":["post-973","post","type-post","status-publish","format-standard","hentry","category-politique","tag-alexandre-lemarie","tag-blanchard","tag-islam","tag-le-monde","tag-post-colonial","tag-sarkozy"],"_links":{"self":[{"href":"https:\/\/www.eh-tique-media-tique.com\/index.php\/wp-json\/wp\/v2\/posts\/973","targetHints":{"allow":["GET"]}}],"collection":[{"href":"https:\/\/www.eh-tique-media-tique.com\/index.php\/wp-json\/wp\/v2\/posts"}],"about":[{"href":"https:\/\/www.eh-tique-media-tique.com\/index.php\/wp-json\/wp\/v2\/types\/post"}],"author":[{"embeddable":true,"href":"https:\/\/www.eh-tique-media-tique.com\/index.php\/wp-json\/wp\/v2\/users\/1"}],"replies":[{"embeddable":true,"href":"https:\/\/www.eh-tique-media-tique.com\/index.php\/wp-json\/wp\/v2\/comments?post=973"}],"version-history":[{"count":1,"href":"https:\/\/www.eh-tique-media-tique.com\/index.php\/wp-json\/wp\/v2\/posts\/973\/revisions"}],"predecessor-version":[{"id":974,"href":"https:\/\/www.eh-tique-media-tique.com\/index.php\/wp-json\/wp\/v2\/posts\/973\/revisions\/974"}],"wp:attachment":[{"href":"https:\/\/www.eh-tique-media-tique.com\/index.php\/wp-json\/wp\/v2\/media?parent=973"}],"wp:term":[{"taxonomy":"category","embeddable":true,"href":"https:\/\/www.eh-tique-media-tique.com\/index.php\/wp-json\/wp\/v2\/categories?post=973"},{"taxonomy":"post_tag","embeddable":true,"href":"https:\/\/www.eh-tique-media-tique.com\/index.php\/wp-json\/wp\/v2\/tags?post=973"}],"curies":[{"name":"wp","href":"https:\/\/api.w.org\/{rel}","templated":true}]}}