{"id":979,"date":"2014-12-14T00:27:23","date_gmt":"2014-12-13T23:27:23","guid":{"rendered":"http:\/\/www.eh-tique-media-tique.com\/?p=979"},"modified":"2021-06-16T00:32:57","modified_gmt":"2021-06-15T22:32:57","slug":"deja-2017-la-france-est-embarquee-sur-une-nef-des-fous-ils-se-regardent-tous-le-nombril","status":"publish","type":"post","link":"https:\/\/www.eh-tique-media-tique.com\/index.php\/2014\/12\/14\/deja-2017-la-france-est-embarquee-sur-une-nef-des-fous-ils-se-regardent-tous-le-nombril\/","title":{"rendered":"D\u00e9j\u00e0 2017 ! La France est embarqu\u00e9e sur une nef des fous&#8230; Ils se regardent tous le nombril !"},"content":{"rendered":"\n<p class=\"has-text-align-center has-medium-font-size\"><strong>D\u00e9j\u00e0 2017&nbsp;! La France est embarqu\u00e9e sur une nef des fous, celle des nombrilistes de la politique et des m\u00e9dias&nbsp;!<\/strong><\/p>\n\n\n\n<p class=\"has-text-align-center has-medium-font-size\"><strong>Ils se regardent tous le nombril&nbsp;!<\/strong><\/p>\n\n\n\n<p><strong>&nbsp;&nbsp;&nbsp;&nbsp;&nbsp;&nbsp;&nbsp;&nbsp;&nbsp;&nbsp;&nbsp; A suivre l\u2019actualit\u00e9 politique fran\u00e7aise, vous \u00eates rapidement convaincu que les politiques et les journalistes vous embarquent chaque jour sur une nef des fous.<\/strong>&nbsp;<strong><em>En boucle, en boucle, en boucle<\/em><\/strong><strong>&nbsp;! Avec les journalistes et les politiques dans leur bulle nombriliste&nbsp;!<\/strong><\/p>\n\n\n\n<p><strong>&nbsp;&nbsp;&nbsp;&nbsp;&nbsp;&nbsp;&nbsp; Face \u00e0 ses probl\u00e8mes, la France a beaucoup de mal \u00e0 trouver des solutions et \u00e0 avoir le courage de les mettre en \u0153uvre, alors qu\u2019\u00e0 gauche ou \u00e0 droite, avec le plein appui des m\u00e9dias, l\u2019 \u00ab&nbsp;\u00e9tablissement&nbsp;\u00bb politique et m\u00e9diatique est d\u00e9j\u00e0 en campagne pour les \u00e9lections pr\u00e9sidentielles de 2017.<\/strong><\/p>\n\n\n\n<p><strong>Ces gens-l\u00e0 sont-ils devenus fous&nbsp;?<\/strong><\/p>\n\n\n\n<p class=\"has-text-align-center has-medium-font-size\"><strong>Les nouveaux jeux du cirque&nbsp;!<\/strong><\/p>\n\n\n\n<p><strong>&nbsp;&nbsp;&nbsp;&nbsp;&nbsp;&nbsp;&nbsp;&nbsp;&nbsp;&nbsp;&nbsp;&nbsp;<em>En boucle, en boucle, en boucle<\/em>&nbsp;! Car l\u2019information ou la manipulation fonctionne ainsi aujourd\u2019hui, 24 heures sur 24, et tous les jours, les journalistes et les politiques braquent leurs cam\u00e9ras et leurs micros sur 2017, comme si la France n\u2019avait pas mieux \u00e0 faire que de s\u2019occuper de 2017&nbsp;?<\/strong><\/p>\n\n\n\n<p><strong>&nbsp;&nbsp;&nbsp;&nbsp;&nbsp;&nbsp;&nbsp;&nbsp;&nbsp;&nbsp;&nbsp; Avec le ch\u00f4mage qui continue \u00e0 augmenter, avec la dette qui continue \u00e9galement \u00e0 monter, le gouvernement qui m\u00e8ne une politique ext\u00e9rieure, avec trois guerres comprises, sans en avoir les moyens, l\u2019Europe des paradoxes&nbsp;: un Pr\u00e9sident de la Commission, ancien promoteur des paradis fiscaux, qui nous dit aujourd\u2019hui qu\u2019il va y mettre bon ordre, et un Commissaire aux affaires \u00e9conomiques et budg\u00e9taires qui a symbolis\u00e9 le laxisme du gouvernement fran\u00e7ais, et qui recommande aujourd\u2019hui la rigueur \u00e0 la France, etc\u2026<\/strong><\/p>\n\n\n\n<p><strong>&nbsp;&nbsp;&nbsp;&nbsp;&nbsp;&nbsp;&nbsp;&nbsp;&nbsp;&nbsp;&nbsp; A la t\u00e9l\u00e9vision, o\u00f9 que vous regardiez, vous tombez sur des tables rondes, des d\u00e9bats suppos\u00e9s contradictoires, sur des acteurs de la gent politique et m\u00e9diatique, \u00e9lus, journalistes, experts, politologues, qui agitent le grelot de l\u2019\u00e9lection pr\u00e9sidentielle 2017, l\u2019effet m\u00e9diatique en miroir narcissique.<\/strong><\/p>\n\n\n\n<p><strong>&nbsp;&nbsp;&nbsp;&nbsp;&nbsp;&nbsp;&nbsp;&nbsp;&nbsp;&nbsp;&nbsp; Un exemple de ce nombrilisme m\u00e9diatique, celui du M\u00e9dias le Magazine de France 5&nbsp;: chaque dimanche, le magazine invite un professionnel exp\u00e9riment\u00e9 des m\u00e9dias, hier Ockrent, avant-hier Duhamel, et ce jour, 14 d\u00e9cembre, Pujadas, etc\u2026 on se passe le poivre et le sel, on se regarde en miroir, et la vie du pays dans tout cela&nbsp;?<\/strong><\/p>\n\n\n\n<p><strong>&nbsp;&nbsp;&nbsp;&nbsp;&nbsp;&nbsp;&nbsp;&nbsp;&nbsp;&nbsp;&nbsp;&nbsp;&nbsp; Une vraie agence de placement pour journalistes d\u00e9butants&nbsp;!<\/strong><\/p>\n\n\n\n<p><strong>&nbsp; &nbsp; &nbsp; &nbsp; &nbsp; &nbsp; Et l\u2019opinion des citoyens en chair et en os dans ces ar\u00e8nes savantes&nbsp;? Stop aux sondages d\u2019audience, \u00e0 la m\u00e9diam\u00e9trie, et tutti quanti\u2026&nbsp;?<\/strong><\/p>\n\n\n\n<p><strong>&nbsp;&nbsp;&nbsp;&nbsp;&nbsp;&nbsp;&nbsp;&nbsp;&nbsp; Avez-vous lu ou entendu ? Une source, un proche, un ministre (sans nom), un parlementaire (sans nom), un conseiller (sans nom), un membre de l\u2019entourage (ou de la cour, toujours sans nom), etc \u2026 vous abreuvent de confidences qui n\u2019en sont pas ou plus, tout cela pour faire bouillir la marmite m\u00e9diatique.<\/strong><\/p>\n\n\n\n<p><strong>&nbsp;&nbsp;&nbsp;&nbsp;&nbsp;&nbsp;&nbsp;&nbsp;&nbsp;&nbsp;&nbsp; Et pendant ce temps-l\u00e0, Poutine avance ses pions entre les pays divis\u00e9s d\u2019une Europe priv\u00e9e d\u2019Union politique, la France poursuit ses trois guerres au Sahel, en Centrafrique, et en Irak, sans en avoir les moyens, le gouvernement poursuit sa politique en zig- zag, l\u2019ordre public est de plus en plus troubl\u00e9 par des groupes de pression violents qui contestent les autorit\u00e9s l\u00e9galement \u00e9lues, etc \u2026.<\/strong><\/p>\n\n\n\n<p>\u00a0\u00a0\u00a0\u00a0\u00a0\u00a0\u00a0\u00a0\u00a0\u00a0\u00a0 Jean Pierre Renaud<\/p>\n","protected":false},"excerpt":{"rendered":"<p>D\u00e9j\u00e0 2017&nbsp;! La France est embarqu\u00e9e sur une nef des fous, celle des nombrilistes de la politique et des m\u00e9dias&nbsp;! Ils se regardent tous le nombril&nbsp;! &nbsp;&nbsp;&nbsp;&nbsp;&nbsp;&nbsp;&nbsp;&nbsp;&nbsp;&nbsp;&nbsp; A suivre l\u2019actualit\u00e9 politique fran\u00e7aise, vous \u00eates rapidement convaincu que les politiques et les journalistes vous embarquent chaque jour sur une nef des fous.&nbsp;En boucle, en boucle, en &hellip; <a href=\"https:\/\/www.eh-tique-media-tique.com\/index.php\/2014\/12\/14\/deja-2017-la-france-est-embarquee-sur-une-nef-des-fous-ils-se-regardent-tous-le-nombril\/\" class=\"more-link\">Continuer la lecture<span class=\"screen-reader-text\"> de &laquo;&nbsp;D\u00e9j\u00e0 2017 ! La France est embarqu\u00e9e sur une nef des fous&#8230; Ils se regardent tous le nombril !&nbsp;&raquo;<\/span><\/a><\/p>\n","protected":false},"author":1,"featured_media":0,"comment_status":"closed","ping_status":"open","sticky":false,"template":"","format":"standard","meta":{"footnotes":""},"categories":[4],"tags":[270,252,491,1151,280,1154],"class_list":["post-979","post","type-post","status-publish","format-standard","hentry","category-politique","tag-france","tag-france-5","tag-medias","tag-nombrilistes","tag-politique","tag-poutine"],"_links":{"self":[{"href":"https:\/\/www.eh-tique-media-tique.com\/index.php\/wp-json\/wp\/v2\/posts\/979","targetHints":{"allow":["GET"]}}],"collection":[{"href":"https:\/\/www.eh-tique-media-tique.com\/index.php\/wp-json\/wp\/v2\/posts"}],"about":[{"href":"https:\/\/www.eh-tique-media-tique.com\/index.php\/wp-json\/wp\/v2\/types\/post"}],"author":[{"embeddable":true,"href":"https:\/\/www.eh-tique-media-tique.com\/index.php\/wp-json\/wp\/v2\/users\/1"}],"replies":[{"embeddable":true,"href":"https:\/\/www.eh-tique-media-tique.com\/index.php\/wp-json\/wp\/v2\/comments?post=979"}],"version-history":[{"count":1,"href":"https:\/\/www.eh-tique-media-tique.com\/index.php\/wp-json\/wp\/v2\/posts\/979\/revisions"}],"predecessor-version":[{"id":980,"href":"https:\/\/www.eh-tique-media-tique.com\/index.php\/wp-json\/wp\/v2\/posts\/979\/revisions\/980"}],"wp:attachment":[{"href":"https:\/\/www.eh-tique-media-tique.com\/index.php\/wp-json\/wp\/v2\/media?parent=979"}],"wp:term":[{"taxonomy":"category","embeddable":true,"href":"https:\/\/www.eh-tique-media-tique.com\/index.php\/wp-json\/wp\/v2\/categories?post=979"},{"taxonomy":"post_tag","embeddable":true,"href":"https:\/\/www.eh-tique-media-tique.com\/index.php\/wp-json\/wp\/v2\/tags?post=979"}],"curies":[{"name":"wp","href":"https:\/\/api.w.org\/{rel}","templated":true}]}}